{"id":37692,"date":"2024-09-02T03:00:00","date_gmt":"2024-09-02T06:00:00","guid":{"rendered":"https:\/\/noticiasdestaque.com.br\/index.php\/2024\/09\/02\/para-confira-agenda-da-agencia-barco-caixa-ilha-de-marajo-para-setembro\/"},"modified":"2024-09-02T03:00:00","modified_gmt":"2024-09-02T06:00:00","slug":"para-confira-agenda-da-agencia-barco-caixa-ilha-de-marajo-para-setembro","status":"publish","type":"post","link":"https:\/\/noticiasdestaque.com.br\/index.php\/2024\/09\/02\/para-confira-agenda-da-agencia-barco-caixa-ilha-de-marajo-para-setembro\/","title":{"rendered":"PAR\u00c1: confira agenda da Ag\u00eancia-Barco CAIXA Ilha de Maraj\u00f3 para setembro"},"content":{"rendered":"<p>\t\t\t\t\t\t\t\t\t\t<audio controls class=\"b61_audio_player\" data-noticia=\"75037\" src=\"https:\/\/brasil61.com\/rails\/active_storage\/blobs\/eyJfcmFpbHMiOnsibWVzc2FnZSI6IkJBaHBBMy8yQWc9PSIsImV4cCI6bnVsbCwicHVyIjoiYmxvYl9pZCJ9fQ==--fc69f6ab7281c889df8d135783e814065591c272\/PCXA240375B\"><\/audio><\/p>\n<p>Aten\u00e7\u00e3o, voc\u00ea que est\u00e1 esperando a Ag\u00eancia-Barco CAIXA chegar nos arredores da Ilha do Maraj\u00f3! O percurso e as datas de setembro sa\u00edram.<\/p>\n<p>A embarca\u00e7\u00e3o vai atender sete localidades ribeirinhas do Par\u00e1 neste per\u00edodo, com os servi\u00e7os de desbloqueio de cart\u00f5es e cadastro de senhas para recebimento de benef\u00edcios sociais como FGTS, Seguro-Desemprego, Bolsa Fam\u00edlia e INSS, entre outros servi\u00e7os, com exce\u00e7\u00e3o de movimenta\u00e7\u00e3o de dinheiro em esp\u00e9cie.<\/p>\n<p>Ou\u00e7a agora o cronograma e anote a data em que a CAIXA vai estar mais perto de voc\u00ea.<\/p>\n<p>No dia 2 de setembro, a Ag\u00eancia-Barco CAIXA vai estar ancorada em Bagre. J\u00e1 a popula\u00e7\u00e3o de Oeiras do Par\u00e1 receber\u00e1 atendimentos nos dias 3 e 4.<\/p>\n<p>Nos dias 5 e 6, ser\u00e1 a vez de S\u00e3o Sebasti\u00e3o da Boa Vista. J\u00e1 nos dias 16 e 17, os moradores de Muan\u00e1 ir\u00e3o receber o servi\u00e7o.<\/p>\n<p>No dia 18, a Ag\u00eancia-Barco atender\u00e1 a popula\u00e7\u00e3o de Limoeiro do Ajuru. Dias 19 e 20, a popula\u00e7\u00e3o de S\u00e3o Sebasti\u00e3o da Boa Vista volta a ser atendida com os servi\u00e7os CAIXA.\u00a0<\/p>\n<p>Dos dias 23 a 25, a Ag\u00eancia-Barco volta a atender os moradores de Oeiras do Par\u00e1. Nos dias 26 e 27, os moradores do munic\u00edpio de Curralinho receber\u00e3o atendimentos. \u00a0<\/p>\n<p>A \u00faltima parada do m\u00eas ser\u00e1 em Gurup\u00e1, com atendimento do dia 30 ao dia 2 de outubro.<\/p>\n<p>Nestas datas, o hor\u00e1rio de atendimento \u00e9 das 9h da manh\u00e3 \u00e0s 3h da tarde.<\/p>\n<p>Para outras informa\u00e7\u00f5es, acesse <a href=\"https:\/\/www.caixa.gov.br\/Paginas\/home-caixa.aspx\" target=\"_blank\" rel=\"noopener\">caixa.gov.br<\/a>.<br \/>\n\u00a0<\/p>\n<p>\t\t\t\t\t\t\t\t\t<img loading=\"lazy\" decoding=\"async\" src=\"https:\/\/brasil61.com\/api\/v1\/serve_pixel\/17677\/75037\" alt=\"Pixel Brasil 61\" class=\"b61_pixel\" width=\"0\" height=\"0\"><\/p>\n<input type=\"hidden\" id=\"baseurl\" value=\"https:\/\/noticiasdestaque.com.br\"><input type=\"hidden\" id=\"audio_nonce\" value=\"6f73a554f1\">","protected":false},"excerpt":{"rendered":"<p>A embarca\u00e7\u00e3o vai atender sete localidades ribeirinhas do Par\u00e1 neste per\u00edodo<\/p>\n","protected":false},"author":1,"featured_media":37693,"comment_status":"open","ping_status":"open","sticky":false,"template":"","format":"standard","meta":{"fifu_image_url":"","fifu_image_alt":"","footnotes":""},"categories":[59],"tags":[],"class_list":["post-37692","post","type-post","status-publish","format-standard","has-post-thumbnail","hentry","category-economia"],"distributor_meta":false,"distributor_terms":false,"distributor_media":false,"distributor_original_site_name":"Noticias em Destaque","distributor_original_site_url":"https:\/\/noticiasdestaque.com.br","push-errors":false,"_links":{"self":[{"href":"https:\/\/noticiasdestaque.com.br\/index.php\/wp-json\/wp\/v2\/posts\/37692","targetHints":{"allow":["GET"]}}],"collection":[{"href":"https:\/\/noticiasdestaque.com.br\/index.php\/wp-json\/wp\/v2\/posts"}],"about":[{"href":"https:\/\/noticiasdestaque.com.br\/index.php\/wp-json\/wp\/v2\/types\/post"}],"author":[{"embeddable":true,"href":"https:\/\/noticiasdestaque.com.br\/index.php\/wp-json\/wp\/v2\/users\/1"}],"replies":[{"embeddable":true,"href":"https:\/\/noticiasdestaque.com.br\/index.php\/wp-json\/wp\/v2\/comments?post=37692"}],"version-history":[{"count":0,"href":"https:\/\/noticiasdestaque.com.br\/index.php\/wp-json\/wp\/v2\/posts\/37692\/revisions"}],"wp:featuredmedia":[{"embeddable":true,"href":"https:\/\/noticiasdestaque.com.br\/index.php\/wp-json\/wp\/v2\/media\/37693"}],"wp:attachment":[{"href":"https:\/\/noticiasdestaque.com.br\/index.php\/wp-json\/wp\/v2\/media?parent=37692"}],"wp:term":[{"taxonomy":"category","embeddable":true,"href":"https:\/\/noticiasdestaque.com.br\/index.php\/wp-json\/wp\/v2\/categories?post=37692"},{"taxonomy":"post_tag","embeddable":true,"href":"https:\/\/noticiasdestaque.com.br\/index.php\/wp-json\/wp\/v2\/tags?post=37692"}],"curies":[{"name":"wp","href":"https:\/\/api.w.org\/{rel}","templated":true}]}}