{"id":37686,"date":"2024-09-02T03:00:00","date_gmt":"2024-09-02T06:00:00","guid":{"rendered":"https:\/\/noticiasdestaque.com.br\/index.php\/2024\/09\/02\/dolar-teve-leve-queda-no-ultimo-fechamento\/"},"modified":"2024-09-02T03:00:00","modified_gmt":"2024-09-02T06:00:00","slug":"dolar-teve-leve-queda-no-ultimo-fechamento","status":"publish","type":"post","link":"https:\/\/noticiasdestaque.com.br\/index.php\/2024\/09\/02\/dolar-teve-leve-queda-no-ultimo-fechamento\/","title":{"rendered":"D\u00f3lar teve leve queda no \u00faltimo fechamento"},"content":{"rendered":"<p>\t\t\t\t\t\t\t\t\t\t<audio controls class=\"b61_audio_player\" data-noticia=\"75092\" src=\"https:\/\/brasil61.com\/rails\/active_storage\/blobs\/eyJfcmFpbHMiOnsibWVzc2FnZSI6IkJBaHBBOTczQWc9PSIsImV4cCI6bnVsbCwicHVyIjoiYmxvYl9pZCJ9fQ==--782043b92abd17788ec72d3a5a8c14d2c3e2bc0f\/BRAS2412559A\"><\/audio><\/p>\n<p>Na semana da indica\u00e7\u00e3o de Gabriel Gal\u00edpolo \u00e0 presid\u00eancia do Banco Central, o d\u00f3lar subiu de pre\u00e7os no Brasil, a R$ 5,61. O \u00faltimo fechamento foi de leve queda, mas n\u00e3o foi suficiente para reverter a tend\u00eancia observada. Para o euro, o \u00faltimo fechamento foi de leve alta, a R$ 6,24. Apesar da indica\u00e7\u00e3o do novo economista \u00e0 frente do Bacen ser do agrado de empres\u00e1rios e de parte do mercado financeiro, as expectativas ainda s\u00e3o precificadas por parte dos investidores.\u00a0<\/p>\n<p>Tamb\u00e9m na \u00faltima semana, o presidente da Rep\u00fablica, Luiz In\u00e1cio Lula da Silva, realizou uma declara\u00e7\u00e3o que desagrada ao mercado. Segundo ele, n\u00e3o deve haver independ\u00eancia ao Banco Central, podendo o presidente do pa\u00eds trocar quem est\u00e1 \u00e0 frente do Bacen, caso as decis\u00f5es do seu gestor o desagradem. Ao mesmo tempo, elogiou Gal\u00edpolo, como um t\u00e9cnico que justificar\u00e1 a eleva\u00e7\u00e3o ou queda da taxa Selic, conforme a din\u00e2mica da economia brasileira.\u00a0<\/p>\n<p>As cota\u00e7\u00f5es s\u00e3o da companhia <a href=\"https:\/\/www.google.com\/intl\/en-BR\/googlefinance\/disclaimer\/\">Morningstar<\/a>.<br \/>\n\u00a0<\/p>\n<p>\t\t\t\t\t\t\t\t\t<img loading=\"lazy\" decoding=\"async\" src=\"https:\/\/brasil61.com\/api\/v1\/serve_pixel\/17677\/75092\" alt=\"Pixel Brasil 61\" class=\"b61_pixel\" width=\"0\" height=\"0\"><\/p>\n<input type=\"hidden\" id=\"baseurl\" value=\"https:\/\/noticiasdestaque.com.br\"><input type=\"hidden\" id=\"audio_nonce\" value=\"6a24ca502e\">","protected":false},"excerpt":{"rendered":"<p>J\u00e1 o euro teve leve alta, a R$ 6,24<\/p>\n","protected":false},"author":1,"featured_media":37687,"comment_status":"open","ping_status":"open","sticky":false,"template":"","format":"standard","meta":{"fifu_image_url":"","fifu_image_alt":"","footnotes":""},"categories":[59],"tags":[],"class_list":["post-37686","post","type-post","status-publish","format-standard","has-post-thumbnail","hentry","category-economia"],"distributor_meta":false,"distributor_terms":false,"distributor_media":false,"distributor_original_site_name":"Noticias em Destaque","distributor_original_site_url":"https:\/\/noticiasdestaque.com.br","push-errors":false,"_links":{"self":[{"href":"https:\/\/noticiasdestaque.com.br\/index.php\/wp-json\/wp\/v2\/posts\/37686","targetHints":{"allow":["GET"]}}],"collection":[{"href":"https:\/\/noticiasdestaque.com.br\/index.php\/wp-json\/wp\/v2\/posts"}],"about":[{"href":"https:\/\/noticiasdestaque.com.br\/index.php\/wp-json\/wp\/v2\/types\/post"}],"author":[{"embeddable":true,"href":"https:\/\/noticiasdestaque.com.br\/index.php\/wp-json\/wp\/v2\/users\/1"}],"replies":[{"embeddable":true,"href":"https:\/\/noticiasdestaque.com.br\/index.php\/wp-json\/wp\/v2\/comments?post=37686"}],"version-history":[{"count":0,"href":"https:\/\/noticiasdestaque.com.br\/index.php\/wp-json\/wp\/v2\/posts\/37686\/revisions"}],"wp:featuredmedia":[{"embeddable":true,"href":"https:\/\/noticiasdestaque.com.br\/index.php\/wp-json\/wp\/v2\/media\/37687"}],"wp:attachment":[{"href":"https:\/\/noticiasdestaque.com.br\/index.php\/wp-json\/wp\/v2\/media?parent=37686"}],"wp:term":[{"taxonomy":"category","embeddable":true,"href":"https:\/\/noticiasdestaque.com.br\/index.php\/wp-json\/wp\/v2\/categories?post=37686"},{"taxonomy":"post_tag","embeddable":true,"href":"https:\/\/noticiasdestaque.com.br\/index.php\/wp-json\/wp\/v2\/tags?post=37686"}],"curies":[{"name":"wp","href":"https:\/\/api.w.org\/{rel}","templated":true}]}}