{"id":37667,"date":"2024-08-31T18:00:00","date_gmt":"2024-08-31T21:00:00","guid":{"rendered":"https:\/\/noticiasdestaque.com.br\/index.php\/2024\/08\/31\/previsao-do-tempo-domingo-1-com-chuvas-no-norte\/"},"modified":"2024-08-31T18:00:00","modified_gmt":"2024-08-31T21:00:00","slug":"previsao-do-tempo-domingo-1-com-chuvas-no-norte","status":"publish","type":"post","link":"https:\/\/noticiasdestaque.com.br\/index.php\/2024\/08\/31\/previsao-do-tempo-domingo-1-com-chuvas-no-norte\/","title":{"rendered":"PREVIS\u00c3O DO TEMPO: domingo (1\u00b0) com chuvas no Norte"},"content":{"rendered":"<p>\t\t\t\t\t\t\t\t\t\t<audio controls class=\"b61_audio_player\" data-noticia=\"75080\" src=\"https:\/\/brasil61.com\/rails\/active_storage\/blobs\/eyJfcmFpbHMiOnsibWVzc2FnZSI6IkJBaHBBNVgzQWc9PSIsImV4cCI6bnVsbCwicHVyIjoiYmxvYl9pZCJ9fQ==--890547b6fcdfc70713b93cb3f69bfe38c3e2f11a\/PTRN244125A\"><\/audio><\/p>\n<p>Domingo (1\u00b0) com chuvas no Amazonas e em Roraima. Possibilidade de chuva no Par\u00e1, Acre e Amap\u00e1.<\/p>\n<p><strong>Confira agora a previs\u00e3o do tempo no seu estado.\u00a0<\/strong><\/p>\n<p><strong>Acre<\/strong><\/p>\n<p>Domingo (1\u00b0) com chuvas isoladas apenas na microrregi\u00e3o de Cruzeiro do Sul. Nas demais localidades, tempo encoberto.\u00a0<\/p>\n<p><strong>Amap\u00e1<\/strong><\/p>\n<p>Domingo (1\u00b0) com tempo encoberto e chuvas brandas em todo o Amap\u00e1.\u00a0<\/p>\n<p><strong>Amazonas<\/strong><\/p>\n<p>Neste domingo (1\u00b0), pancadas de chuva s\u00e3o esperadas no norte amazonense. Chuvas brandas no sudoeste e centro do estado. Nas demais regi\u00f5es do estado, tempo encoberto.\u00a0<\/p>\n<p><strong>Par\u00e1<\/strong><\/p>\n<p>Neste domingo (1\u00b0) h\u00e1 previs\u00e3o de chuvas isoladas apenas no Baixo Amazonas. Nas demais regi\u00f5es do estado, varia\u00e7\u00e3o de nuvens.\u00a0<\/p>\n<p><strong>Rond\u00f4nia<\/strong><\/p>\n<p>Domingo (1\u00b0) com varia\u00e7\u00e3o de nuvens em todo o estado.\u00a0<\/p>\n<p><strong>Roraima<\/strong><\/p>\n<p>Domingo (1\u00b0) com fortes chuvas em todo o estado de Roraima. \u00a0\u00a0 \u00a0<\/p>\n<p><strong>Tocantins<\/strong><\/p>\n<p>A previs\u00e3o \u00e9 de poucas nuvens em todo o Tocantins.<\/p>\n<p><strong>Temperatura m\u00ednima e m\u00e1xima na regi\u00e3o<\/strong><\/p>\n<p>A temperatura m\u00ednima fica em torno de 16\u00b0C, no munic\u00edpio de Amajari, em Roraima, e a m\u00e1xima prevista \u00e9 de 42\u00b0C, em L\u00e1brea, no Amazonas. A umidade relativa do ar varia entre 20% e 95%.<\/p>\n<p>As informa\u00e7\u00f5es s\u00e3o do Instituto Nacional de Meteorologia.<br \/>\n\u00a0<\/p>\n<p>\t\t\t\t\t\t\t\t\t<img loading=\"lazy\" decoding=\"async\" src=\"https:\/\/brasil61.com\/api\/v1\/serve_pixel\/17677\/75080\" alt=\"Pixel Brasil 61\" class=\"b61_pixel\" width=\"0\" height=\"0\"><\/p>\n<input type=\"hidden\" id=\"baseurl\" value=\"https:\/\/noticiasdestaque.com.br\"><input type=\"hidden\" id=\"audio_nonce\" value=\"6f73a554f1\">","protected":false},"excerpt":{"rendered":"<p>A temperatura pode variar entre 16\u00baC e 42\u00baC<\/p>\n","protected":false},"author":1,"featured_media":37668,"comment_status":"open","ping_status":"open","sticky":false,"template":"","format":"standard","meta":{"fifu_image_url":"","fifu_image_alt":"","footnotes":""},"categories":[58],"tags":[],"class_list":["post-37667","post","type-post","status-publish","format-standard","has-post-thumbnail","hentry","category-cotidiano"],"distributor_meta":false,"distributor_terms":false,"distributor_media":false,"distributor_original_site_name":"Noticias em Destaque","distributor_original_site_url":"https:\/\/noticiasdestaque.com.br","push-errors":false,"_links":{"self":[{"href":"https:\/\/noticiasdestaque.com.br\/index.php\/wp-json\/wp\/v2\/posts\/37667","targetHints":{"allow":["GET"]}}],"collection":[{"href":"https:\/\/noticiasdestaque.com.br\/index.php\/wp-json\/wp\/v2\/posts"}],"about":[{"href":"https:\/\/noticiasdestaque.com.br\/index.php\/wp-json\/wp\/v2\/types\/post"}],"author":[{"embeddable":true,"href":"https:\/\/noticiasdestaque.com.br\/index.php\/wp-json\/wp\/v2\/users\/1"}],"replies":[{"embeddable":true,"href":"https:\/\/noticiasdestaque.com.br\/index.php\/wp-json\/wp\/v2\/comments?post=37667"}],"version-history":[{"count":0,"href":"https:\/\/noticiasdestaque.com.br\/index.php\/wp-json\/wp\/v2\/posts\/37667\/revisions"}],"wp:featuredmedia":[{"embeddable":true,"href":"https:\/\/noticiasdestaque.com.br\/index.php\/wp-json\/wp\/v2\/media\/37668"}],"wp:attachment":[{"href":"https:\/\/noticiasdestaque.com.br\/index.php\/wp-json\/wp\/v2\/media?parent=37667"}],"wp:term":[{"taxonomy":"category","embeddable":true,"href":"https:\/\/noticiasdestaque.com.br\/index.php\/wp-json\/wp\/v2\/categories?post=37667"},{"taxonomy":"post_tag","embeddable":true,"href":"https:\/\/noticiasdestaque.com.br\/index.php\/wp-json\/wp\/v2\/tags?post=37667"}],"curies":[{"name":"wp","href":"https:\/\/api.w.org\/{rel}","templated":true}]}}