{"id":37659,"date":"2024-08-30T18:10:00","date_gmt":"2024-08-30T21:10:00","guid":{"rendered":"https:\/\/noticiasdestaque.com.br\/index.php\/2024\/08\/30\/previsao-do-tempo-sabado-31-com-alerta-para-baixa-umidade-e-onda-de-calor-no-sudeste\/"},"modified":"2024-08-30T18:10:00","modified_gmt":"2024-08-30T21:10:00","slug":"previsao-do-tempo-sabado-31-com-alerta-para-baixa-umidade-e-onda-de-calor-no-sudeste","status":"publish","type":"post","link":"https:\/\/noticiasdestaque.com.br\/index.php\/2024\/08\/30\/previsao-do-tempo-sabado-31-com-alerta-para-baixa-umidade-e-onda-de-calor-no-sudeste\/","title":{"rendered":"PREVIS\u00c3O DO TEMPO: s\u00e1bado (31) com alerta para baixa umidade e onda de calor no Sudeste"},"content":{"rendered":"<p>\t\t\t\t\t\t\t\t\t\t<audio controls class=\"b61_audio_player\" data-noticia=\"75073\" src=\"https:\/\/brasil61.com\/rails\/active_storage\/blobs\/eyJfcmFpbHMiOnsibWVzc2FnZSI6IkJBaHBBNEQzQWc9PSIsImV4cCI6bnVsbCwicHVyIjoiYmxvYl9pZCJ9fQ==--bb0cc5f15e46c5d826261330f5693f624e11f9fa\/PTSD243783B\"><\/audio><\/p>\n<p>O Instituto Nacional de Meteorologia (Inmet) alerta para perigo potencial de baixa umidade em todos os estados do Sudeste, atingindo cidades como Jundia\u00ed (SP), Belo Horizonte (MG), Itaperuna (RJ) e Gua\u00e7u\u00ed (ES).<\/p>\n<p>Tamb\u00e9m h\u00e1 alerta para perigo potencial de onda de calor em Minas Gerais, S\u00e3o Paulo e Rio de Janeiro.\u00a0<\/p>\n<p><strong>Confira agora a previs\u00e3o do tempo no seu estado.\u00a0<\/strong><\/p>\n<p><strong>Esp\u00edrito Santo<\/strong><\/p>\n<p>A previs\u00e3o para este s\u00e1bado (31) \u00e9 de poucas nuvens e sem chuvas em todo o Esp\u00edrito Santo.<\/p>\n<p><strong>Minas Gerais\u00a0<\/strong><\/p>\n<p>O dia come\u00e7a com varia\u00e7\u00e3o de nuvens. Durante a tarde e \u00e0 noite, poucas nuvens em todo o estado.\u00a0<\/p>\n<p><strong>Rio de Janeiro<\/strong><\/p>\n<p>A previs\u00e3o para este s\u00e1bado (31) \u00e9 de poucas nuvens e sem chuvas em todo o Rio de Janeiro.<\/p>\n<p><strong>S\u00e3o Paulo<\/strong><\/p>\n<p>Para este s\u00e1bado (31), a previs\u00e3o \u00e9 de varia\u00e7\u00e3o de nuvens em todo o estado de S\u00e3o Paulo.\u00a0<\/p>\n<p><strong>Temperatura m\u00ednima e m\u00e1xima na regi\u00e3o<\/strong><\/p>\n<p>A temperatura m\u00ednima fica em torno de 12\u00b0C, em Iporanga, em S\u00e3o Paulo, e a m\u00e1xima prevista \u00e9 de 36\u00baC, em Campina Verde, em Minas Gerais. A umidade relativa do ar varia entre 20% e 90%.<\/p>\n<p>As informa\u00e7\u00f5es s\u00e3o do Instituto Nacional de Meteorologia.<\/p>\n<p>\u00a0<\/p>\n<p>\t\t\t\t\t\t\t\t\t<img loading=\"lazy\" decoding=\"async\" src=\"https:\/\/brasil61.com\/api\/v1\/serve_pixel\/17677\/75073\" alt=\"Pixel Brasil 61\" class=\"b61_pixel\" width=\"0\" height=\"0\"><\/p>\n<input type=\"hidden\" id=\"baseurl\" value=\"https:\/\/noticiasdestaque.com.br\"><input type=\"hidden\" id=\"audio_nonce\" value=\"6f73a554f1\">","protected":false},"excerpt":{"rendered":"<p>A temperatura pode variar entre 12\u00baC e 36\u00baC<\/p>\n","protected":false},"author":1,"featured_media":37660,"comment_status":"open","ping_status":"open","sticky":false,"template":"","format":"standard","meta":{"fifu_image_url":"","fifu_image_alt":"","footnotes":""},"categories":[58],"tags":[],"class_list":["post-37659","post","type-post","status-publish","format-standard","has-post-thumbnail","hentry","category-cotidiano"],"distributor_meta":false,"distributor_terms":false,"distributor_media":false,"distributor_original_site_name":"Noticias em Destaque","distributor_original_site_url":"https:\/\/noticiasdestaque.com.br","push-errors":false,"_links":{"self":[{"href":"https:\/\/noticiasdestaque.com.br\/index.php\/wp-json\/wp\/v2\/posts\/37659","targetHints":{"allow":["GET"]}}],"collection":[{"href":"https:\/\/noticiasdestaque.com.br\/index.php\/wp-json\/wp\/v2\/posts"}],"about":[{"href":"https:\/\/noticiasdestaque.com.br\/index.php\/wp-json\/wp\/v2\/types\/post"}],"author":[{"embeddable":true,"href":"https:\/\/noticiasdestaque.com.br\/index.php\/wp-json\/wp\/v2\/users\/1"}],"replies":[{"embeddable":true,"href":"https:\/\/noticiasdestaque.com.br\/index.php\/wp-json\/wp\/v2\/comments?post=37659"}],"version-history":[{"count":0,"href":"https:\/\/noticiasdestaque.com.br\/index.php\/wp-json\/wp\/v2\/posts\/37659\/revisions"}],"wp:featuredmedia":[{"embeddable":true,"href":"https:\/\/noticiasdestaque.com.br\/index.php\/wp-json\/wp\/v2\/media\/37660"}],"wp:attachment":[{"href":"https:\/\/noticiasdestaque.com.br\/index.php\/wp-json\/wp\/v2\/media?parent=37659"}],"wp:term":[{"taxonomy":"category","embeddable":true,"href":"https:\/\/noticiasdestaque.com.br\/index.php\/wp-json\/wp\/v2\/categories?post=37659"},{"taxonomy":"post_tag","embeddable":true,"href":"https:\/\/noticiasdestaque.com.br\/index.php\/wp-json\/wp\/v2\/tags?post=37659"}],"curies":[{"name":"wp","href":"https:\/\/api.w.org\/{rel}","templated":true}]}}