{"id":37657,"date":"2024-08-31T18:00:00","date_gmt":"2024-08-31T21:00:00","guid":{"rendered":"https:\/\/noticiasdestaque.com.br\/index.php\/2024\/08\/31\/previsao-do-tempo-domingo-1-sem-chuvas-no-sudeste\/"},"modified":"2024-08-31T18:00:00","modified_gmt":"2024-08-31T21:00:00","slug":"previsao-do-tempo-domingo-1-sem-chuvas-no-sudeste","status":"publish","type":"post","link":"https:\/\/noticiasdestaque.com.br\/index.php\/2024\/08\/31\/previsao-do-tempo-domingo-1-sem-chuvas-no-sudeste\/","title":{"rendered":"PREVIS\u00c3O DO TEMPO: domingo (1\u00b0) sem chuvas no Sudeste"},"content":{"rendered":"<p>\t\t\t\t\t\t\t\t\t\t<audio controls class=\"b61_audio_player\" data-noticia=\"75081\" src=\"https:\/\/brasil61.com\/rails\/active_storage\/blobs\/eyJfcmFpbHMiOnsibWVzc2FnZSI6IkJBaHBBNWIzQWc9PSIsImV4cCI6bnVsbCwicHVyIjoiYmxvYl9pZCJ9fQ==--324516dcdbcbb5a7b5df67b4dba83a8196990394\/PTSD243784A\"><\/audio><\/p>\n<p><strong>Esp\u00edrito Santo<\/strong><\/p>\n<p>A previs\u00e3o para este domingo (1\u00b0) \u00e9 de tempo encoberto e sem chuvas em todo o estado.\u00a0<\/p>\n<p><strong>Minas Gerais\u00a0<\/strong><\/p>\n<p>Varia\u00e7\u00e3o de nuvens e sem chuvas em todo o estado durante o dia e \u00e0 noite.\u00a0<\/p>\n<p><strong>Rio de Janeiro<\/strong><\/p>\n<p>Domingo (1\u00b0) com tempo encoberto em todo o estado.<\/p>\n<p><strong>S\u00e3o Paulo<\/strong><\/p>\n<p>Varia\u00e7\u00e3o de nuvens e sem chuvas em todo o estado durante o dia e \u00e0 noite.\u00a0<\/p>\n<p><strong>Temperatura m\u00ednima e m\u00e1xima na regi\u00e3o<\/strong><\/p>\n<p>A temperatura m\u00ednima fica em torno de 11\u00b0C, em S\u00e3o Jos\u00e9 dos Campos, em S\u00e3o Paulo, e a m\u00e1xima prevista \u00e9 de 37\u00baC, em Carneirinho, em Minas Gerais. A umidade relativa do ar varia entre 15% e 90%.<\/p>\n<p>As informa\u00e7\u00f5es s\u00e3o do Instituto Nacional de Meteorologia.<\/p>\n<p>\u00a0<\/p>\n<p>\t\t\t\t\t\t\t\t\t<img loading=\"lazy\" decoding=\"async\" src=\"https:\/\/brasil61.com\/api\/v1\/serve_pixel\/17677\/75081\" alt=\"Pixel Brasil 61\" class=\"b61_pixel\" width=\"0\" height=\"0\"><\/p>\n<input type=\"hidden\" id=\"baseurl\" value=\"https:\/\/noticiasdestaque.com.br\"><input type=\"hidden\" id=\"audio_nonce\" value=\"6a24ca502e\">","protected":false},"excerpt":{"rendered":"<p>A temperatura pode variar entre 11\u00baC e 37\u00baC<\/p>\n","protected":false},"author":1,"featured_media":37658,"comment_status":"open","ping_status":"open","sticky":false,"template":"","format":"standard","meta":{"fifu_image_url":"","fifu_image_alt":"","footnotes":""},"categories":[58],"tags":[],"class_list":["post-37657","post","type-post","status-publish","format-standard","has-post-thumbnail","hentry","category-cotidiano"],"distributor_meta":false,"distributor_terms":false,"distributor_media":false,"distributor_original_site_name":"Noticias em Destaque","distributor_original_site_url":"https:\/\/noticiasdestaque.com.br","push-errors":false,"_links":{"self":[{"href":"https:\/\/noticiasdestaque.com.br\/index.php\/wp-json\/wp\/v2\/posts\/37657","targetHints":{"allow":["GET"]}}],"collection":[{"href":"https:\/\/noticiasdestaque.com.br\/index.php\/wp-json\/wp\/v2\/posts"}],"about":[{"href":"https:\/\/noticiasdestaque.com.br\/index.php\/wp-json\/wp\/v2\/types\/post"}],"author":[{"embeddable":true,"href":"https:\/\/noticiasdestaque.com.br\/index.php\/wp-json\/wp\/v2\/users\/1"}],"replies":[{"embeddable":true,"href":"https:\/\/noticiasdestaque.com.br\/index.php\/wp-json\/wp\/v2\/comments?post=37657"}],"version-history":[{"count":0,"href":"https:\/\/noticiasdestaque.com.br\/index.php\/wp-json\/wp\/v2\/posts\/37657\/revisions"}],"wp:featuredmedia":[{"embeddable":true,"href":"https:\/\/noticiasdestaque.com.br\/index.php\/wp-json\/wp\/v2\/media\/37658"}],"wp:attachment":[{"href":"https:\/\/noticiasdestaque.com.br\/index.php\/wp-json\/wp\/v2\/media?parent=37657"}],"wp:term":[{"taxonomy":"category","embeddable":true,"href":"https:\/\/noticiasdestaque.com.br\/index.php\/wp-json\/wp\/v2\/categories?post=37657"},{"taxonomy":"post_tag","embeddable":true,"href":"https:\/\/noticiasdestaque.com.br\/index.php\/wp-json\/wp\/v2\/tags?post=37657"}],"curies":[{"name":"wp","href":"https:\/\/api.w.org\/{rel}","templated":true}]}}