{"id":37655,"date":"2024-08-30T18:00:00","date_gmt":"2024-08-30T21:00:00","guid":{"rendered":"https:\/\/noticiasdestaque.com.br\/index.php\/2024\/08\/30\/previsao-do-tempo-sabado-31-com-alerta-para-onda-de-calor-e-baixa-umidade-no-norte\/"},"modified":"2024-08-30T18:00:00","modified_gmt":"2024-08-30T21:00:00","slug":"previsao-do-tempo-sabado-31-com-alerta-para-onda-de-calor-e-baixa-umidade-no-norte","status":"publish","type":"post","link":"https:\/\/noticiasdestaque.com.br\/index.php\/2024\/08\/30\/previsao-do-tempo-sabado-31-com-alerta-para-onda-de-calor-e-baixa-umidade-no-norte\/","title":{"rendered":"PREVIS\u00c3O DO TEMPO: s\u00e1bado (31) com alerta para onda de calor e baixa umidade no Norte"},"content":{"rendered":"<p>\t\t\t\t\t\t\t\t\t\t<audio controls class=\"b61_audio_player\" data-noticia=\"75069\" src=\"https:\/\/brasil61.com\/rails\/active_storage\/blobs\/eyJfcmFpbHMiOnsibWVzc2FnZSI6IkJBaHBBM2YzQWc9PSIsImV4cCI6bnVsbCwicHVyIjoiYmxvYl9pZCJ9fQ==--c84a0f9cd566115751727aba09a499a8263a026e\/PTRN244123A\"><\/audio><\/p>\n<p><strong>Avisos meteorol\u00f3gicos<\/strong><\/p>\n<p>O Instituto Nacional de Meteorologia (Inmet) alerta para perigo potencial de baixa umidade no Amazonas, Acre, Rond\u00f4nia, Par\u00e1 e Tocantins, atingindo cidades como Humait\u00e1 (AM), Sena Madureira (AC), Ji-Paran\u00e1 (RO), Altamira (PA) e Campos Lindos (TO).<\/p>\n<p>Tamb\u00e9m h\u00e1 alerta para perigo potencial de onda de calor no Amazonas, Rond\u00f4nia e Par\u00e1. \u00a0<br \/>\nConfira agora a previs\u00e3o do tempo no seu estado.\u00a0<\/p>\n<p><strong>Acre<\/strong><\/p>\n<p>Durante este s\u00e1bado (31), a previs\u00e3o \u00e9 de varia\u00e7\u00e3o de nuvens e sem chuvas em todo o estado.<\/p>\n<p><strong>Amap\u00e1<\/strong><\/p>\n<p>O dia come\u00e7a com tempo encoberto em todo o Amap\u00e1. Durante a tarde e \u00e0 noite, h\u00e1 possibilidade de chuva em quase todo o estado, com exce\u00e7\u00e3o dos munic\u00edpios de Pedra Branca do Amapari, Vit\u00f3ria do Jari, Mazag\u00e3o e Laranjal do Jari.\u00a0<\/p>\n<p><strong>Amazonas<\/strong><\/p>\n<p>Durante a manh\u00e3, a previs\u00e3o \u00e9 de possibilidade de chuva no norte amazonense. Durante a tarde e \u00e0 noite, as chuvas s\u00e3o fortes no norte e h\u00e1 possibilidade nas microrregi\u00f5es de Tef\u00e9, Coari, Rio Preto da Eva e Parintins.<\/p>\n<p><strong>Par\u00e1<\/strong><\/p>\n<p>O dia come\u00e7a com pancadas de chuva na microrregi\u00e3o de \u00d3bidos. Durante a tarde, possibilidade de chuva nas microrregi\u00f5es de \u00d3bidos, Arari, Furos de Breves, Salgado, Bragantina, Guam\u00e1\u00a0\u00a0 \u00a0e metropolitana de Bel\u00e9m. \u00c0 noite, h\u00e1 possibilidade de chuva nas cidades de Chaves e Afu\u00e1.\u00a0<\/p>\n<p><strong>Rond\u00f4nia<\/strong><\/p>\n<p>Para este s\u00e1bado (31), a previs\u00e3o \u00e9 de poucas nuvens e sem chuvas em todo o estado de Rond\u00f4nia.<\/p>\n<p><strong>Roraima<\/strong><\/p>\n<p>A previs\u00e3o \u00e9 de pancadas de chuvas acompanhadas por trovoadas isoladas em todo o estado durante o dia e \u00e0 noite.\u00a0<\/p>\n<p><strong>Tocantins<\/strong><\/p>\n<p>A previs\u00e3o \u00e9 de poucas nuvens e sem chuvas durante o dia e \u00e0 noite.\u00a0<\/p>\n<p><strong>Temperatura m\u00ednima e m\u00e1xima na regi\u00e3o<\/strong><\/p>\n<p>A temperatura m\u00ednima fica em torno de 15\u00b0C, no munic\u00edpio de Santa Isabel do Rio Negro, no Amazonas, e a m\u00e1xima prevista \u00e9 de 41\u00b0C, em Itaituba, no Par\u00e1. A umidade relativa do ar varia entre 20% e 95%.<\/p>\n<p>As informa\u00e7\u00f5es s\u00e3o do Instituto Nacional de Meteorologia.<br \/>\n\u00a0<\/p>\n<p>\t\t\t\t\t\t\t\t\t<img loading=\"lazy\" decoding=\"async\" src=\"https:\/\/brasil61.com\/api\/v1\/serve_pixel\/17677\/75069\" alt=\"Pixel Brasil 61\" class=\"b61_pixel\" width=\"0\" height=\"0\"><\/p>\n<input type=\"hidden\" id=\"baseurl\" value=\"https:\/\/noticiasdestaque.com.br\"><input type=\"hidden\" id=\"audio_nonce\" value=\"6f73a554f1\">","protected":false},"excerpt":{"rendered":"<p>A temperatura pode variar entre 15\u00baC e 41\u00baC<\/p>\n","protected":false},"author":1,"featured_media":37656,"comment_status":"open","ping_status":"open","sticky":false,"template":"","format":"standard","meta":{"fifu_image_url":"","fifu_image_alt":"","footnotes":""},"categories":[58],"tags":[],"class_list":["post-37655","post","type-post","status-publish","format-standard","has-post-thumbnail","hentry","category-cotidiano"],"distributor_meta":false,"distributor_terms":false,"distributor_media":false,"distributor_original_site_name":"Noticias em Destaque","distributor_original_site_url":"https:\/\/noticiasdestaque.com.br","push-errors":false,"_links":{"self":[{"href":"https:\/\/noticiasdestaque.com.br\/index.php\/wp-json\/wp\/v2\/posts\/37655","targetHints":{"allow":["GET"]}}],"collection":[{"href":"https:\/\/noticiasdestaque.com.br\/index.php\/wp-json\/wp\/v2\/posts"}],"about":[{"href":"https:\/\/noticiasdestaque.com.br\/index.php\/wp-json\/wp\/v2\/types\/post"}],"author":[{"embeddable":true,"href":"https:\/\/noticiasdestaque.com.br\/index.php\/wp-json\/wp\/v2\/users\/1"}],"replies":[{"embeddable":true,"href":"https:\/\/noticiasdestaque.com.br\/index.php\/wp-json\/wp\/v2\/comments?post=37655"}],"version-history":[{"count":0,"href":"https:\/\/noticiasdestaque.com.br\/index.php\/wp-json\/wp\/v2\/posts\/37655\/revisions"}],"wp:featuredmedia":[{"embeddable":true,"href":"https:\/\/noticiasdestaque.com.br\/index.php\/wp-json\/wp\/v2\/media\/37656"}],"wp:attachment":[{"href":"https:\/\/noticiasdestaque.com.br\/index.php\/wp-json\/wp\/v2\/media?parent=37655"}],"wp:term":[{"taxonomy":"category","embeddable":true,"href":"https:\/\/noticiasdestaque.com.br\/index.php\/wp-json\/wp\/v2\/categories?post=37655"},{"taxonomy":"post_tag","embeddable":true,"href":"https:\/\/noticiasdestaque.com.br\/index.php\/wp-json\/wp\/v2\/tags?post=37655"}],"curies":[{"name":"wp","href":"https:\/\/api.w.org\/{rel}","templated":true}]}}