{"id":37653,"date":"2024-09-01T18:01:00","date_gmt":"2024-09-01T21:01:00","guid":{"rendered":"https:\/\/noticiasdestaque.com.br\/index.php\/2024\/09\/01\/previsao-do-tempo-segunda-feira-2-com-alerta-para-baixa-umidade-e-onda-de-calor-no-norte\/"},"modified":"2024-09-01T18:01:00","modified_gmt":"2024-09-01T21:01:00","slug":"previsao-do-tempo-segunda-feira-2-com-alerta-para-baixa-umidade-e-onda-de-calor-no-norte","status":"publish","type":"post","link":"https:\/\/noticiasdestaque.com.br\/index.php\/2024\/09\/01\/previsao-do-tempo-segunda-feira-2-com-alerta-para-baixa-umidade-e-onda-de-calor-no-norte\/","title":{"rendered":"PREVIS\u00c3O DO TEMPO: segunda-feira (2) com alerta para baixa umidade e onda de calor no Norte"},"content":{"rendered":"<p>\t\t\t\t\t\t\t\t\t\t<audio controls class=\"b61_audio_player\" data-noticia=\"75159\" src=\"https:\/\/brasil61.com\/rails\/active_storage\/blobs\/eyJfcmFpbHMiOnsibWVzc2FnZSI6IkJBaHBBeDM0QWc9PSIsImV4cCI6bnVsbCwicHVyIjoiYmxvYl9pZCJ9fQ==--0542d92a983fa905efbe0fb02419468f20bf8e56\/PTRN244126A\"><\/audio><\/p>\n<p>Nesta segunda-feira (2), o Instituto Nacional de Meteorologia (Inmet) alerta para perigo potencial de baixa umidade no Acre, Rond\u00f4nia, Amazonas, Tocantins e Par\u00e1.<\/p>\n<p>Tamb\u00e9m h\u00e1 alerta para perigo potencial de onda de calor no Amazonas, Rond\u00f4nia e Par\u00e1.<\/p>\n<p>Para setembro, o Inmet prev\u00ea chuvas acima da m\u00e9dia na faixa norte, enquanto o sul da regi\u00e3o ter\u00e1 chuvas pr\u00f3ximas ou abaixo da m\u00e9dia. A redu\u00e7\u00e3o de umidade devido \u00e0 persist\u00eancia de massas de ar seco pode aumentar o risco de queimadas e doen\u00e7as respirat\u00f3rias.<\/p>\n<p><strong>Temperatura m\u00ednima e m\u00e1xima na regi\u00e3o<\/strong><\/p>\n<p>A temperatura m\u00ednima fica em torno de 16\u00b0C, no munic\u00edpio de Santa Isabel do Rio Negro, no Amazonas, e a m\u00e1xima prevista \u00e9 de 42\u00b0C, em Novo Aripuan\u00e3, Tamb\u00e9m no Amazonas. A umidade relativa do ar varia entre 25% e 95%.<\/p>\n<p>As informa\u00e7\u00f5es s\u00e3o do Instituto Nacional de Meteorologia.<\/p>\n<p>\u00a0<\/p>\n<p>\t\t\t\t\t\t\t\t\t<img loading=\"lazy\" decoding=\"async\" src=\"https:\/\/brasil61.com\/api\/v1\/serve_pixel\/17677\/75159\" alt=\"Pixel Brasil 61\" class=\"b61_pixel\" width=\"0\" height=\"0\"><\/p>\n<input type=\"hidden\" id=\"baseurl\" value=\"https:\/\/noticiasdestaque.com.br\"><input type=\"hidden\" id=\"audio_nonce\" value=\"6a24ca502e\">","protected":false},"excerpt":{"rendered":"<p>A temperatura pode variar entre 16\u00baC e 42\u00baC<\/p>\n","protected":false},"author":1,"featured_media":37654,"comment_status":"open","ping_status":"open","sticky":false,"template":"","format":"standard","meta":{"fifu_image_url":"","fifu_image_alt":"","footnotes":""},"categories":[58],"tags":[],"class_list":["post-37653","post","type-post","status-publish","format-standard","has-post-thumbnail","hentry","category-cotidiano"],"distributor_meta":false,"distributor_terms":false,"distributor_media":false,"distributor_original_site_name":"Noticias em Destaque","distributor_original_site_url":"https:\/\/noticiasdestaque.com.br","push-errors":false,"_links":{"self":[{"href":"https:\/\/noticiasdestaque.com.br\/index.php\/wp-json\/wp\/v2\/posts\/37653","targetHints":{"allow":["GET"]}}],"collection":[{"href":"https:\/\/noticiasdestaque.com.br\/index.php\/wp-json\/wp\/v2\/posts"}],"about":[{"href":"https:\/\/noticiasdestaque.com.br\/index.php\/wp-json\/wp\/v2\/types\/post"}],"author":[{"embeddable":true,"href":"https:\/\/noticiasdestaque.com.br\/index.php\/wp-json\/wp\/v2\/users\/1"}],"replies":[{"embeddable":true,"href":"https:\/\/noticiasdestaque.com.br\/index.php\/wp-json\/wp\/v2\/comments?post=37653"}],"version-history":[{"count":0,"href":"https:\/\/noticiasdestaque.com.br\/index.php\/wp-json\/wp\/v2\/posts\/37653\/revisions"}],"wp:featuredmedia":[{"embeddable":true,"href":"https:\/\/noticiasdestaque.com.br\/index.php\/wp-json\/wp\/v2\/media\/37654"}],"wp:attachment":[{"href":"https:\/\/noticiasdestaque.com.br\/index.php\/wp-json\/wp\/v2\/media?parent=37653"}],"wp:term":[{"taxonomy":"category","embeddable":true,"href":"https:\/\/noticiasdestaque.com.br\/index.php\/wp-json\/wp\/v2\/categories?post=37653"},{"taxonomy":"post_tag","embeddable":true,"href":"https:\/\/noticiasdestaque.com.br\/index.php\/wp-json\/wp\/v2\/tags?post=37653"}],"curies":[{"name":"wp","href":"https:\/\/api.w.org\/{rel}","templated":true}]}}