{"id":37558,"date":"2024-08-28T18:00:00","date_gmt":"2024-08-28T21:00:00","guid":{"rendered":"https:\/\/noticiasdestaque.com.br\/index.php\/2024\/08\/28\/previsao-do-tempo-quinta-feira-29-com-alerta-para-baixa-umidade-em-minas-gerais\/"},"modified":"2024-08-28T18:00:00","modified_gmt":"2024-08-28T21:00:00","slug":"previsao-do-tempo-quinta-feira-29-com-alerta-para-baixa-umidade-em-minas-gerais","status":"publish","type":"post","link":"https:\/\/noticiasdestaque.com.br\/index.php\/2024\/08\/28\/previsao-do-tempo-quinta-feira-29-com-alerta-para-baixa-umidade-em-minas-gerais\/","title":{"rendered":"PREVIS\u00c3O DO TEMPO: quinta-feira (29) com alerta para baixa umidade em Minas Gerais"},"content":{"rendered":"<p>\t\t\t\t\t\t\t\t\t\t<audio controls class=\"b61_audio_player\" data-noticia=\"74922\" src=\"https:\/\/brasil61.com\/rails\/active_storage\/blobs\/eyJfcmFpbHMiOnsibWVzc2FnZSI6IkJBaHBBN3IxQWc9PSIsImV4cCI6bnVsbCwicHVyIjoiYmxvYl9pZCJ9fQ==--daae67dabf86ca7ef1a9acfb0df48fc1413c0f64\/PTSD243777A\"><\/audio><\/p>\n<p>Nesta quinta-feira (29), o Instituto Nacional de Meteorologia (Inmet) alerta para perigo potencial de baixa umidade no Tri\u00e2ngulo Mineiro\/Alto Parana\u00edba, Metropolitana de Belo Horizonte, Campo das Vertentes, central mineira, oeste, sul, sudoeste, noroeste e norte de Minas, atingindo cidades como Montes Claros, Una\u00ed e Sete Lagoas.<\/p>\n<p>O dia come\u00e7a com possibilidade de geada nas microrregi\u00f5es de Po\u00e7os de Caldas, Pouso Alegre, Santa Rita do Sapuca\u00ed, S\u00e3o Louren\u00e7o, Andrel\u00e2ndia, Lavras, Alfenas e Varginha. Durante a tarde e \u00e0 noite, h\u00e1 varia\u00e7\u00e3o de nuvens e sem chuvas em todo o estado de Minas Gerais.\u00a0<\/p>\n<p>A temperatura m\u00ednima fica em torno de 11\u00b0C, em Delfim Moreira, e a m\u00e1xima prevista \u00e9 de 35\u00baC, em Uni\u00e3o de Minas. A umidade relativa do ar varia entre 30% e 90%.<\/p>\n<p>As informa\u00e7\u00f5es s\u00e3o do Instituto Nacional de Meteorologia.<br \/>\n\u00a0<\/p>\n<p>\t\t\t\t\t\t\t\t\t<img loading=\"lazy\" decoding=\"async\" src=\"https:\/\/brasil61.com\/api\/v1\/serve_pixel\/17677\/74922\" alt=\"Pixel Brasil 61\" class=\"b61_pixel\" width=\"0\" height=\"0\"><\/p>\n<input type=\"hidden\" id=\"baseurl\" value=\"https:\/\/noticiasdestaque.com.br\"><input type=\"hidden\" id=\"audio_nonce\" value=\"c9f06e19e6\">","protected":false},"excerpt":{"rendered":"<p>A temperatura pode variar entre 11\u00baC e 35\u00baC<\/p>\n","protected":false},"author":1,"featured_media":37559,"comment_status":"open","ping_status":"open","sticky":false,"template":"","format":"standard","meta":{"fifu_image_url":"","fifu_image_alt":"","footnotes":""},"categories":[58],"tags":[],"class_list":["post-37558","post","type-post","status-publish","format-standard","has-post-thumbnail","hentry","category-cotidiano"],"distributor_meta":false,"distributor_terms":false,"distributor_media":false,"distributor_original_site_name":"Noticias em Destaque","distributor_original_site_url":"https:\/\/noticiasdestaque.com.br","push-errors":false,"_links":{"self":[{"href":"https:\/\/noticiasdestaque.com.br\/index.php\/wp-json\/wp\/v2\/posts\/37558","targetHints":{"allow":["GET"]}}],"collection":[{"href":"https:\/\/noticiasdestaque.com.br\/index.php\/wp-json\/wp\/v2\/posts"}],"about":[{"href":"https:\/\/noticiasdestaque.com.br\/index.php\/wp-json\/wp\/v2\/types\/post"}],"author":[{"embeddable":true,"href":"https:\/\/noticiasdestaque.com.br\/index.php\/wp-json\/wp\/v2\/users\/1"}],"replies":[{"embeddable":true,"href":"https:\/\/noticiasdestaque.com.br\/index.php\/wp-json\/wp\/v2\/comments?post=37558"}],"version-history":[{"count":0,"href":"https:\/\/noticiasdestaque.com.br\/index.php\/wp-json\/wp\/v2\/posts\/37558\/revisions"}],"wp:featuredmedia":[{"embeddable":true,"href":"https:\/\/noticiasdestaque.com.br\/index.php\/wp-json\/wp\/v2\/media\/37559"}],"wp:attachment":[{"href":"https:\/\/noticiasdestaque.com.br\/index.php\/wp-json\/wp\/v2\/media?parent=37558"}],"wp:term":[{"taxonomy":"category","embeddable":true,"href":"https:\/\/noticiasdestaque.com.br\/index.php\/wp-json\/wp\/v2\/categories?post=37558"},{"taxonomy":"post_tag","embeddable":true,"href":"https:\/\/noticiasdestaque.com.br\/index.php\/wp-json\/wp\/v2\/tags?post=37558"}],"curies":[{"name":"wp","href":"https:\/\/api.w.org\/{rel}","templated":true}]}}