{"id":37494,"date":"2024-08-28T03:00:00","date_gmt":"2024-08-28T06:00:00","guid":{"rendered":"https:\/\/noticiasdestaque.com.br\/index.php\/2024\/08\/28\/fiocruz-indica-aumento-de-casos-de-covid-19-em-idosos-no-pais\/"},"modified":"2024-08-28T03:00:00","modified_gmt":"2024-08-28T06:00:00","slug":"fiocruz-indica-aumento-de-casos-de-covid-19-em-idosos-no-pais","status":"publish","type":"post","link":"https:\/\/noticiasdestaque.com.br\/index.php\/2024\/08\/28\/fiocruz-indica-aumento-de-casos-de-covid-19-em-idosos-no-pais\/","title":{"rendered":"Fiocruz indica aumento de casos de covid-19 em idosos no pa\u00eds"},"content":{"rendered":"<p>\t\t\t\t\t\t\t\t\t\t<audio controls class=\"b61_audio_player\" data-noticia=\"74850\" src=\"https:\/\/brasil61.com\/rails\/active_storage\/blobs\/eyJfcmFpbHMiOnsibWVzc2FnZSI6IkJBaHBBMnoxQWc9PSIsImV4cCI6bnVsbCwicHVyIjoiYmxvYl9pZCJ9fQ==--2b157a88c9cd2553ff3736fca83a5b13a9022a9e\/BRAS2412499A\"><\/audio><\/p>\n<p>O boletim <a href=\"https:\/\/agencia.fiocruz.br\/infogripe-crescem-os-casos-de-rinovirus-e-covid-19-no-pais\" target=\"_blank\" rel=\"noopener\">InfoGripe<\/a>, da Funda\u00e7\u00e3o Oswaldo Cruz (Fiocruz), divulgado em 22 de agosto, aponta que as interna\u00e7\u00f5es por S\u00edndrome Respirat\u00f3ria Aguda Grave (SRAG) cresceram em alguns estados brasileiros em fun\u00e7\u00e3o\u00a0do aumento do n\u00famero de casos de covid-19 e rinov\u00edrus.<\/p>\n<p>O boletim se baseia em dados inseridos no Sistema de Informa\u00e7\u00e3o da Vigil\u00e2ncia Epidemiol\u00f3gica da Gripe (Sivep-Gripe) at\u00e9 o dia 17 de agosto e se refere \u00e0 Semana Epidemiol\u00f3gica (SE) 33 (no per\u00edodo de 11 a 17 de agosto).<\/p>\n<p>Segundo a Fiocruz, foi verificada uma tend\u00eancia de aumento nas notifica\u00e7\u00f5es de covid-19, em especial, entre os idosos a partir de 65 anos, com foco nos estados de Goi\u00e1s e S\u00e3o Paulo.<\/p>\n<p>O boletim aponta que, no estado de S\u00e3o Paulo, os casos de covid-19 entre idosos j\u00e1 ultrapassam as notifica\u00e7\u00f5es por influenza A. J\u00e1 em Goi\u00e1s, o aumento de casos de SRAG \u00e9 registrado em todas as faixas et\u00e1rias a partir dos 15 anos \u2013 sendo que, na popula\u00e7\u00e3o idosa, as ocorr\u00eancias est\u00e3o atreladas \u00e0 alta dos casos de covid-19.\u00a0<\/p>\n<p>Tendo em vista o cen\u00e1rio de aumento de casos de covid-19 pelo pa\u00eds, a pesquisadora do Programa de Processamento de Computa\u00e7\u00e3o Cient\u00edfica da Fiocruz (Procc\/Fiocruz) e do Boletim InfoGripe, Tatiana Portela, salienta o papel da vacina\u00e7\u00e3o tanto para prote\u00e7\u00e3o contra a covid-19 quanto para influenza.<\/p>\n<p>\u201cEnt\u00e3o \u00e9 importante que, com esse aumento do n\u00famero de casos de covid-19, todas as pessoas que s\u00e3o do grupo de risco estejam em dia com a vacina\u00e7\u00e3o contra a covid-19. Apesar dos casos de influenza A estarem diminuindo j\u00e1 em todo o pa\u00eds, agora \u00e9 a \u00e9poca que a influenza B come\u00e7a a aumentar. Ent\u00e3o \u00e9 importante que todos tamb\u00e9m estejam em dia com a vacina\u00e7\u00e3o contra a influenza\u201d, destaca a Portela.<\/p>\n<p>Em rela\u00e7\u00e3o ao cen\u00e1rio nacional, o estudo da Fiocruz destaca a exist\u00eancia de uma oscila\u00e7\u00e3o de casos de SRAG na tend\u00eancia de longo prazo, que diz respeito \u00e0s \u00faltimas seis semanas, e ind\u00edcios de aumento na de curto prazo, que congrega as \u00faltimas tr\u00eas semanas.<\/p>\n<p>Nesse contexto, as ocorr\u00eancias de SRAG por v\u00edrus sincicial respirat\u00f3rio (VSR) e influenza A mantiveram tend\u00eancia de queda em grande parte do pa\u00eds. J\u00e1 em rela\u00e7\u00e3o \u00e0 preval\u00eancia entre os casos positivos, nas quatro \u00faltimas semanas epidemiol\u00f3gicas, foi de 22,6% por VSR; 19,4% por Sars-CoV-2 (covid-19); 16,3% por influenza A; e 1,8% por influenza B.\u00a0<\/p>\n<p>Em rela\u00e7\u00e3o \u00e0s capitais, o levantamento mostra que sete demonstram sinal de crescimento nos casos de SRAG: Aracaju (SE), Bras\u00edlia (DF), Goi\u00e2nia (GO), Jo\u00e3o Pessoa (PB), Macei\u00f3 (AL), Salvador (BA) e S\u00e3o Paulo (SP).\u00a0<\/p>\n<h2>Minist\u00e9rio da Sa\u00fade<\/h2>\n<p>Segundo <a href=\"https:\/\/infoms.saude.gov.br\/extensions\/covid-19_html\/covid-19_html.html\" target=\"_blank\" rel=\"noopener\">dados\u00a0do Minist\u00e9rio da Sa\u00fade (MS)<\/a>, na semana epidemiol\u00f3gica 33 (de 11 a 17 de agosto) foram registrados 3.663 novos casos de covid-19 no pa\u00eds e 68 mortes pela doen\u00e7a. Quando somados, os casos registrados entre \u00a04 a 17 de agosto totalizam 12.933 novos casos de covid-19 e 176 mortes.<\/p>\n<p>Dados do MS apontam, ainda, que Goi\u00e1s concentra o maior n\u00famero de novos casos de covid-19 registrados na semana epidemiologia, totalizando 1.232, o que representa 33,63% de todos os casos registrados no pa\u00eds nesse per\u00edodo.<\/p>\n<p><strong>Confira o painel interativo com os n\u00fameros da covid-19 por munic\u00edpios:<\/strong><\/p>\n<p>\n\u00a0<\/p>\n<\/p>\n<p>\t\t\t\t\t\t\t\t\t<img loading=\"lazy\" decoding=\"async\" src=\"https:\/\/brasil61.com\/api\/v1\/serve_pixel\/17677\/74850\" alt=\"Pixel Brasil 61\" class=\"b61_pixel\" width=\"0\" height=\"0\"><\/p>\n<input type=\"hidden\" id=\"baseurl\" value=\"https:\/\/noticiasdestaque.com.br\"><input type=\"hidden\" id=\"audio_nonce\" value=\"6a24ca502e\">","protected":false},"excerpt":{"rendered":"<p>Segundo a Fiocruz, foi verificada tend\u00eancia de aumento nas notifica\u00e7\u00f5es de covid-19, em especial, entre os idosos a partir de 65 anos, focalizados nos estados de Goi\u00e1s e S\u00e3o Paulo. Dados do do Minist\u00e9rio da Sa\u00fade mostram que de 11 a 17 de agosto foram registrados 3.663 novos casos de covid-19 no pa\u00eds. Goi\u00e1s concentra o maior n\u00famero (1.232), representando 33,63% dos casos.<\/p>\n","protected":false},"author":1,"featured_media":37495,"comment_status":"open","ping_status":"open","sticky":false,"template":"","format":"standard","meta":{"fifu_image_url":"","fifu_image_alt":"","footnotes":""},"categories":[51],"tags":[],"class_list":["post-37494","post","type-post","status-publish","format-standard","has-post-thumbnail","hentry","category-saude"],"distributor_meta":false,"distributor_terms":false,"distributor_media":false,"distributor_original_site_name":"Noticias em Destaque","distributor_original_site_url":"https:\/\/noticiasdestaque.com.br","push-errors":false,"_links":{"self":[{"href":"https:\/\/noticiasdestaque.com.br\/index.php\/wp-json\/wp\/v2\/posts\/37494","targetHints":{"allow":["GET"]}}],"collection":[{"href":"https:\/\/noticiasdestaque.com.br\/index.php\/wp-json\/wp\/v2\/posts"}],"about":[{"href":"https:\/\/noticiasdestaque.com.br\/index.php\/wp-json\/wp\/v2\/types\/post"}],"author":[{"embeddable":true,"href":"https:\/\/noticiasdestaque.com.br\/index.php\/wp-json\/wp\/v2\/users\/1"}],"replies":[{"embeddable":true,"href":"https:\/\/noticiasdestaque.com.br\/index.php\/wp-json\/wp\/v2\/comments?post=37494"}],"version-history":[{"count":0,"href":"https:\/\/noticiasdestaque.com.br\/index.php\/wp-json\/wp\/v2\/posts\/37494\/revisions"}],"wp:featuredmedia":[{"embeddable":true,"href":"https:\/\/noticiasdestaque.com.br\/index.php\/wp-json\/wp\/v2\/media\/37495"}],"wp:attachment":[{"href":"https:\/\/noticiasdestaque.com.br\/index.php\/wp-json\/wp\/v2\/media?parent=37494"}],"wp:term":[{"taxonomy":"category","embeddable":true,"href":"https:\/\/noticiasdestaque.com.br\/index.php\/wp-json\/wp\/v2\/categories?post=37494"},{"taxonomy":"post_tag","embeddable":true,"href":"https:\/\/noticiasdestaque.com.br\/index.php\/wp-json\/wp\/v2\/tags?post=37494"}],"curies":[{"name":"wp","href":"https:\/\/api.w.org\/{rel}","templated":true}]}}