{"id":37488,"date":"2024-08-21T03:00:00","date_gmt":"2024-08-21T06:00:00","guid":{"rendered":"https:\/\/noticiasdestaque.com.br\/index.php\/2024\/08\/21\/virus-sincicial-respiratorio-vsr-idosos-e-menores-de-dois-anos-devem-ter-maior-cuidado-no-inverno\/"},"modified":"2024-08-21T03:00:00","modified_gmt":"2024-08-21T06:00:00","slug":"virus-sincicial-respiratorio-vsr-idosos-e-menores-de-dois-anos-devem-ter-maior-cuidado-no-inverno","status":"publish","type":"post","link":"https:\/\/noticiasdestaque.com.br\/index.php\/2024\/08\/21\/virus-sincicial-respiratorio-vsr-idosos-e-menores-de-dois-anos-devem-ter-maior-cuidado-no-inverno\/","title":{"rendered":"V\u00edrus Sincicial Respirat\u00f3rio (VSR): idosos e menores de dois anos devem ter maior cuidado no inverno"},"content":{"rendered":"<p>\t\t\t\t\t\t\t\t\t\t<audio controls class=\"b61_audio_player\" data-noticia=\"74403\" src=\"https:\/\/brasil61.com\/rails\/active_storage\/blobs\/eyJfcmFpbHMiOnsibWVzc2FnZSI6IkJBaHBBODN4QWc9PSIsImV4cCI6bnVsbCwicHVyIjoiYmxvYl9pZCJ9fQ==--972179b12e848435315c58806c14ffa4c9afac6d\/BRAS2412450A\"><\/audio><\/p>\n<p>No inverno h\u00e1 aumento de infec\u00e7\u00f5es respirat\u00f3rias e a gripe, por exemplo, se torna comum. Por\u00e9m, nesse per\u00edodo do ano, as infec\u00e7\u00f5es por V\u00edrus Sincicial Respirat\u00f3rio (VSR) tamb\u00e9m ganham maior espa\u00e7o e afetam, especialmente, idosos e crian\u00e7as menores de dois anos. Os sintomas do VSR s\u00e3o parecidos com os de um resfriado, como coriza e tosse, mas podem evoluir para bronquiolite nos pequenos, j\u00e1 \u00a0que o v\u00edrus afeta principalmente os br\u00f4nquios e os pulm\u00f5es.<\/p>\n<p>A infectologista da rede de laborat\u00f3rios Allian\u00e7a Sa\u00fade, Lorena Faro, de S\u00e3o Paulo (SP), explica que o v\u00edrus se assemelha ao de um resfriado e a infec\u00e7\u00e3o \u00e9 essencialmente respirat\u00f3ria e pode acontecer em qualquer \u00e9poca do ano, mas com maior preval\u00eancia no inverno e no come\u00e7o da primavera.<\/p>\n<p>Lorena Faro destaca que o v\u00edrus \u00e9 transmitido de pessoa a pessoa, por meio de got\u00edculas (da tosse, espirro e fala) ou por algum objeto contaminado. Os sintomas do VSR podem ser coriza, mal-estar, febre e tosse. Em casos mais graves, pode haver falta de ar.<\/p>\n<p>Segundo a infectologista, os sintomas podem aparecer tr\u00eas dias ap\u00f3s a infec\u00e7\u00e3o at\u00e9 o sexto dia em que houve contato com o v\u00edrus. Ela salienta que, apesar da infec\u00e7\u00e3o por VSR apresentar sintomas inicialmente leves, \u00e9 necess\u00e1rio que crian\u00e7as e idosos tenham maior aten\u00e7\u00e3o para evitar agravamento da infec\u00e7\u00e3o.<\/p>\n<p>\u201cNa maioria das vezes\u00a0esse v\u00edrus gera sintomas leves, muito parecidos com o resfriado comum, mas a pessoa normalmente se recupera em uma ou\u00a0duas semanas. Entretanto, em alguns casos, \u00e9 poss\u00edvel desenvolver um quadro mais grave, como a bronquiolite, fazendo com que o paciente necessite de uma interna\u00e7\u00e3o prolongada, ou mesmo de uma interna\u00e7\u00e3o na terapia intensiva. Ent\u00e3o, muito cuidado nesses extremos de faixas et\u00e1rias, principalmente nos rec\u00e9m-nascidos prematuros, abaixo de seis meses, e tamb\u00e9m idosos que t\u00eam alguma imunossupress\u00e3o ou alguma patologia de base, como cardiopatia ou neuropatia\u201d, afirma Faro.<\/p>\n<p>O infectologista do Sabin Diagn\u00f3stico e Sa\u00fade, Claudilson Bastos, elenca de que forma o diagn\u00f3stico \u00e9 feito. \u201cOs exames realizados s\u00e3o exames sorol\u00f3gicos e o PCR.\u00a0O exame sorol\u00f3gico chamado ELISA, ou imunoflex\u00eancia, \u00e9 mais confi\u00e1vel em crian\u00e7as pequenas, mais \u00fatil em crian\u00e7as; j\u00e1 o PCR \u00e9 mais indicado tanto para crian\u00e7as mais velhas quanto para adultos, ent\u00e3o isso \u00e9 um dado importante. Mas o diagn\u00f3stico muitas vezes \u00e9 geralmente baseado em sintomas e na epidemiologia.&#8221;<\/p>\n<p>Claudilson Bastos destaca, ainda, a import\u00e2ncia do diagn\u00f3stico precoce da infec\u00e7\u00e3o. Segundo ele, a depender da gravidade do caso, se n\u00e3o diagnosticada de forma precoce e sem tratamento adequado, a infec\u00e7\u00e3o pode resultar em \u00f3bito do paciente.<\/p>\n<p>\u201cO diagn\u00f3stico precoce \u00e9 assertivo, fundamental, importante para que a gente possa ter uma melhor evolu\u00e7\u00e3o desses pacientes no caso. Esses pacientes, se n\u00e3o diagnosticados de forma precoce e n\u00e3o tratados de forma adequada, podem evoluir para uma infec\u00e7\u00e3o respirat\u00f3ria aguda bacteriana ou podem evoluir para uma s\u00edndrome respirat\u00f3ria aguda grave relacionada ao pr\u00f3prio v\u00edrus e isso pode levar a \u00f3bito\u201d, ressalta Bastos.<\/p>\n<h2>VSR no Brasil<\/h2>\n<p>A pesquisadora do Programa de Computa\u00e7\u00e3o Cient\u00edfica da Fiocruz e do Boletim InfoGripe, Tatiana Portella, menciona que o VSR \u00e9 um v\u00edrus de transmiss\u00e3o respirat\u00f3ria, assim como a Influenza e a Covid-19. Mas que n\u00e3o era muito falado a respeito sobre o VSR porque o v\u00edrus n\u00e3o era monitorado.\u00a0<\/p>\n<p>\u201cS\u00f3 alguns estados testavam os casos graves de s\u00edndrome respirat\u00f3ria aguda grave \u00a0(SRAG) para VSR e a partir de 2019 todos os estados passaram a testar os casos mais graves, os casos de SRAG, pro v\u00edrus\u00a0respirat\u00f3rio. Ent\u00e3o, foi a partir de 2019 que a gente come\u00e7ou a entender melhor o padr\u00e3o de circula\u00e7\u00e3o desse v\u00edrus no pa\u00eds\u201d, conta.<\/p>\n<p>Tatiana Portella ressalta a import\u00e2ncia das pessoas se atentarem \u00e0 infec\u00e7\u00e3o pelo VSR, em especial, quando se trata de idosos de mais de 65 anos e crian\u00e7as menores de dois anos.<\/p>\n<p>\u201c\u00c9 importante que as pessoas se preocupem com ele, principalmente quem tem crian\u00e7a pequena. Geralmente pode causar quadros de bronquiolite, levar \u00e0 pneumonia, precisar de interna\u00e7\u00e3o. Ent\u00e3o ele \u00e9 um v\u00edrus que requer mais aten\u00e7\u00e3o, principalmente em crian\u00e7as pequenas\u201d, alerta Portella.<\/p>\n<p>Em maio, o boletim InfoGripe, da Fiocruz, mostrou um aumento de Srag causada pelo VSR representando <a href=\"https:\/\/portal.fiocruz.br\/noticia\/2024\/05\/infogripe-aumenta-o-numero-de-internacoes-e-obitos-por-influenza-e-vsr\" target=\"_blank\" rel=\"noopener\">58% do total de casos da s\u00edndrome<\/a> registrados naquele per\u00edodo.<\/p>\n<h2>Preven\u00e7\u00e3o<\/h2>\n<p>Os especialistas listaram algumas medidas de preven\u00e7\u00e3o \u00e0 infec\u00e7\u00e3o pelo V\u00edrus Sincicial Respirat\u00f3rio (VSR). Confira:<\/p>\n<ul>\n<li>Usar m\u00e1scara em locais fechados e em postos de sa\u00fade;<\/li>\n<li>Em caso de sintomas gripais, ficar em casa (se n\u00e3o for poss\u00edvel, usar m\u00e1scara);<\/li>\n<li>Manter as m\u00e3os higienizadas e<\/li>\n<li>Garantir a limpeza de superf\u00edcies.\u00a0<\/li>\n<\/ul>\n<p>Outra forma de preven\u00e7\u00e3o \u00e9 a vacina Arexvy, dispon\u00edvel apenas na rede privada. A recomenda\u00e7\u00e3o \u00e9 em dose \u00fanica para pessoas com 60 anos ou mais. Inclusive, a Secretaria Estadual da Sa\u00fade do Rio Grande do Sul (SES-RS) recebeu quatro mil doses do imunizante em julho. As doses foram doadas pelo laborat\u00f3rio brit\u00e2nico GlaxoSmithKline (GSK), em fun\u00e7\u00e3o das enchentes que atingiram o estado em maio.\u00a0<br \/>\n\u00a0<\/p>\n<p>\t\t\t\t\t\t\t\t\t<img loading=\"lazy\" decoding=\"async\" src=\"https:\/\/brasil61.com\/api\/v1\/serve_pixel\/17677\/74403\" alt=\"Pixel Brasil 61\" class=\"b61_pixel\" width=\"0\" height=\"0\"><\/p>\n<input type=\"hidden\" id=\"baseurl\" value=\"https:\/\/noticiasdestaque.com.br\"><input type=\"hidden\" id=\"audio_nonce\" value=\"6a24ca502e\">","protected":false},"excerpt":{"rendered":"<p>Sintomas s\u00e3o parecidos com os da gripe, como coriza e tosse, mas podem evoluir para bronquiolite nos pequenos. Veja dicas de preven\u00e7\u00e3o, al\u00e9m da vacina dispon\u00edvel apenas na rede privada<\/p>\n","protected":false},"author":1,"featured_media":37489,"comment_status":"open","ping_status":"open","sticky":false,"template":"","format":"standard","meta":{"fifu_image_url":"","fifu_image_alt":"","footnotes":""},"categories":[51],"tags":[],"class_list":["post-37488","post","type-post","status-publish","format-standard","has-post-thumbnail","hentry","category-saude"],"distributor_meta":false,"distributor_terms":false,"distributor_media":false,"distributor_original_site_name":"Noticias em Destaque","distributor_original_site_url":"https:\/\/noticiasdestaque.com.br","push-errors":false,"_links":{"self":[{"href":"https:\/\/noticiasdestaque.com.br\/index.php\/wp-json\/wp\/v2\/posts\/37488","targetHints":{"allow":["GET"]}}],"collection":[{"href":"https:\/\/noticiasdestaque.com.br\/index.php\/wp-json\/wp\/v2\/posts"}],"about":[{"href":"https:\/\/noticiasdestaque.com.br\/index.php\/wp-json\/wp\/v2\/types\/post"}],"author":[{"embeddable":true,"href":"https:\/\/noticiasdestaque.com.br\/index.php\/wp-json\/wp\/v2\/users\/1"}],"replies":[{"embeddable":true,"href":"https:\/\/noticiasdestaque.com.br\/index.php\/wp-json\/wp\/v2\/comments?post=37488"}],"version-history":[{"count":0,"href":"https:\/\/noticiasdestaque.com.br\/index.php\/wp-json\/wp\/v2\/posts\/37488\/revisions"}],"wp:featuredmedia":[{"embeddable":true,"href":"https:\/\/noticiasdestaque.com.br\/index.php\/wp-json\/wp\/v2\/media\/37489"}],"wp:attachment":[{"href":"https:\/\/noticiasdestaque.com.br\/index.php\/wp-json\/wp\/v2\/media?parent=37488"}],"wp:term":[{"taxonomy":"category","embeddable":true,"href":"https:\/\/noticiasdestaque.com.br\/index.php\/wp-json\/wp\/v2\/categories?post=37488"},{"taxonomy":"post_tag","embeddable":true,"href":"https:\/\/noticiasdestaque.com.br\/index.php\/wp-json\/wp\/v2\/tags?post=37488"}],"curies":[{"name":"wp","href":"https:\/\/api.w.org\/{rel}","templated":true}]}}