{"id":37486,"date":"2024-08-20T03:00:00","date_gmt":"2024-08-20T06:00:00","guid":{"rendered":"https:\/\/noticiasdestaque.com.br\/index.php\/2024\/08\/20\/mpox-brasil-monitora-casos-e-negocia-compra-de-vacinas\/"},"modified":"2024-08-20T03:00:00","modified_gmt":"2024-08-20T06:00:00","slug":"mpox-brasil-monitora-casos-e-negocia-compra-de-vacinas","status":"publish","type":"post","link":"https:\/\/noticiasdestaque.com.br\/index.php\/2024\/08\/20\/mpox-brasil-monitora-casos-e-negocia-compra-de-vacinas\/","title":{"rendered":"Mpox: Brasil monitora casos e negocia compra de vacinas"},"content":{"rendered":"<p>\t\t\t\t\t\t\t\t\t\t<audio controls class=\"b61_audio_player\" data-noticia=\"74333\" src=\"https:\/\/brasil61.com\/rails\/active_storage\/blobs\/eyJfcmFpbHMiOnsibWVzc2FnZSI6IkJBaHBBMVh4QWc9PSIsImV4cCI6bnVsbCwicHVyIjoiYmxvYl9pZCJ9fQ==--ea98def52a6de5be815b7edf7a076a4b3e95b232\/BRAS2412432A\"><\/audio><\/p>\n<p>O mundo est\u00e1 preocupado com o avan\u00e7o da mpox \u2013 zoonose causada pelo v\u00edrus (MPXV), do g\u00eanero <em>Orthopoxvirus<\/em> e fam\u00edlia <em>Poxviridae<\/em>. O Minist\u00e9rio da Sa\u00fade j\u00e1 informou que tem monitorado a doen\u00e7a por meio do Centro de Opera\u00e7\u00f5es de Emerg\u00eancia em Sa\u00fade (COE) e est\u00e1 coordenando a\u00e7\u00f5es de compra de vacinas. Segundo a pasta, est\u00e1 sendo negociada\u00a0a aquisi\u00e7\u00e3o emergencial de 25 mil doses da vacina Jynneos.\u00a0<\/p>\n<p>Na opini\u00e3o do m\u00e9dico infectologista Hemerson Luz, a medida \u00e9 importante, mas ele esclarece que o Brasil tamb\u00e9m tem plenas condi\u00e7\u00f5es de desenvolver uma vacina contra mpox.\u00a0<\/p>\n<p>\u201cJ\u00e1 existem iniciativas de algumas universidades, como a UFMG. Al\u00e9m disso, n\u00f3s temos um parque industrial e cient\u00edfico capaz sim de produzir as vacinas que sejam eficazes, mas esses estudos devem continuar. Temos que lembrar que um estudo de uma vacina come\u00e7a com a fase pr\u00e9-cl\u00ednica, que pode durar at\u00e9 dois ou tr\u00eas anos, depois vem as fases cl\u00ednicas, divididas em tr\u00eas fases que podem tamb\u00e9m levar dois a tr\u00eas anos cada fase\u201d,<\/p>\n<p>Mesmo que diferentes laborat\u00f3rios estejam se preocupando com a produ\u00e7\u00e3o de vacinas espec\u00edficas contra a mpox, o infectologista Francisco Job explica que a vacina da var\u00edola aplicada na popula\u00e7\u00e3o atrav\u00e9s do calend\u00e1rio nacional j\u00e1 apresenta uma efic\u00e1cia de 85%, permitindo que possa ser usada no controle inicial ou na aplica\u00e7\u00e3o de, pelo menos, grupos de risco.<\/p>\n<p>\u201cO que n\u00f3s devemos estar alertas \u00e9 para o surgimento de casos que sejam suspeitos, para que n\u00f3s possamos seguir a quantidade de casos e onde est\u00e3o acontecendo no Brasil\u201d. O m\u00e9dico ainda acrescenta:<\/p>\n<p>\u201cN\u00e3o \u00e9 uma coisa para produzir p\u00e2nico, n\u00f3s n\u00e3o vamos ter epidemias de <em>monkeypox<\/em> como existiram epidemias de var\u00edola do come\u00e7o do s\u00e9culo XX no Brasil. Isso jamais vai acontecer novamente num sistema de sa\u00fade bastante estruturado, que \u00e9 capaz de vacinar inclusive toda a popula\u00e7\u00e3o se necess\u00e1rio\u201d.\u00a0<\/p>\n<p>Segundo Francisco Job, j\u00e1 existem diversos grupos estudando <em>monkeypox <\/em>no mundo, sendo a maior parte\u00a0bastante conhecedor da var\u00edola humana.<\/p>\n<h2>Aquisi\u00e7\u00e3o de vacinas<\/h2>\n<p>A Bavarian Nordic, fabricante da vacina Jynneos, solicitou \u00e0 Ag\u00eancia Europeia de Medicamentos (EMA, em ingl\u00eas) autoriza\u00e7\u00e3o para que a dose possa ser aplicada tamb\u00e9m em adolescentes. De acordo com a empresa, as pesquisas evidenciaram efic\u00e1cia do imunizante entre adolescentes e adultos.\u00a0<\/p>\n<p>No pedido enviado \u00e0 EMA, a empresa pede autoriza\u00e7\u00e3o para que a dose possa ser aplicada em adolescentes de 12 a 17 anos. Atualmente, existe indica\u00e7\u00e3o apenas para pessoas com idade igual ou superior a 18 anos.<\/p>\n<p>Apesar das preocupa\u00e7\u00f5es, o m\u00e9dico Hemerson Luz entende que, por n\u00e3o se tratar de um v\u00edrus transmitido pelo ar, mas por secre\u00e7\u00f5es ou contato direto com pessoas doentes, os cuidados s\u00e3o imediatos, n\u00e3o sendo necess\u00e1ria, portanto, a vacina\u00e7\u00e3o em massa.<\/p>\n<p>\u201c\u00c9 importante ressaltar que a vacina\u00e7\u00e3o em massa n\u00e3o est\u00e1 indicada agora. Al\u00e9m da quantidade de vacina produzida a n\u00edvel mundial, que \u00e9 pouca, primeiro n\u00f3s temos que fazer estrat\u00e9gias para vacinar os grupos de risco e vacinar aquelas pessoas que t\u00eam maior fragilidade caso apresentem a doen\u00e7a\u201d, salienta.<\/p>\n<p>O infectologista Francisco Job refor\u00e7a que o Brasil nunca deixou de estudar a var\u00edola, mesmo ap\u00f3s a erradica\u00e7\u00e3o da doen\u00e7a.\u00a0<\/p>\n<p>\u201cNesse momento n\u00e3o existe necessidade de fazer vacina\u00e7\u00e3o em massa em nenhum lugar do mundo, n\u00f3s estamos em situa\u00e7\u00e3o de emerg\u00eancia\u00a0porque o n\u00famero de casos na \u00c1frica, em especial no Congo, est\u00e1 crescendo muito rapidamente e ser\u00e1 necess\u00e1rio fazer vacina\u00e7\u00e3o naqueles pa\u00edses onde existe uma quantidade maior de casos\u201d.\u00a0<\/p>\n<p>Para ele, a vacina deve estar dispon\u00edvel rapidamente quando for necess\u00e1ria. \u201cN\u00e3o existe necessidade, nesse momento, do Brasil estar produzindo grandes quantidades de vacina, mas \u00e9 importante que n\u00f3s saibamos produzi-la e n\u00f3s sabemos produzi-la\u201d, refor\u00e7a.<\/p>\n<h2>Casos no Brasil<\/h2>\n<p>Durante a primeira emerg\u00eancia global por mpox, em 2023, a Ag\u00eancia Nacional de Vigil\u00e2ncia Sanit\u00e1ria (Anvisa) autorizou o uso emergencial da Jynneos para combater a doen\u00e7a em um primeiro momento.\u00a0<\/p>\n<p>Desde ent\u00e3o, mais de 29 mil doses foram aplicadas em todo o pa\u00eds. Segundo a pasta, 27 Laborat\u00f3rios Centrais de Sa\u00fade P\u00fablica (LACENs) e quatro laborat\u00f3rios de refer\u00eancia nacional realizam exame diagn\u00f3stico para mpox. Atualmente, todo o pa\u00eds est\u00e1 abastecido com insumos para essa testagem, informa o \u00f3rg\u00e3o.<\/p>\n<p>O Minist\u00e9rio da Sa\u00fade informa que, desde o in\u00edcio do surto de mpox em 2022 at\u00e9 hoje, o Brasil registrou 12.215 casos confirmados ou prov\u00e1veis da doen\u00e7a. Desses, 91,3% s\u00e3o pacientes do sexo masculino e 70% t\u00eam entre 19 e 39 anos. Tamb\u00e9m foram registrados 16 \u00f3bitos. Todos do sexo masculino, com idades entre 26 e 35 anos. O \u00faltimo foi confirmado no dia 17 de abril de 2023.\u00a0\u00a0<\/p>\n<p>S\u00f3 em 2024, foram 696 casos confirmados e 13 prov\u00e1veis, sendo 85,9% do sexo masculino, 44% entre 30 e 39 anos e 30,6% entre 18 e 29 anos. Al\u00e9m disso, este ano, foram contabilizadas 49 hospitaliza\u00e7\u00f5es e cinco interna\u00e7\u00f5es em UTI.<br \/>\n\u00a0<\/p>\n<p>\t\t\t\t\t\t\t\t\t<img loading=\"lazy\" decoding=\"async\" src=\"https:\/\/brasil61.com\/api\/v1\/serve_pixel\/17677\/74333\" alt=\"Pixel Brasil 61\" class=\"b61_pixel\" width=\"0\" height=\"0\"><\/p>\n<input type=\"hidden\" id=\"baseurl\" value=\"https:\/\/noticiasdestaque.com.br\"><input type=\"hidden\" id=\"audio_nonce\" value=\"6a24ca502e\">","protected":false},"excerpt":{"rendered":"<p>Para infectologistas, o pa\u00eds tem condi\u00e7\u00f5es de produzir vacinas nos pr\u00f3prios laborat\u00f3rios nacionais<\/p>\n","protected":false},"author":1,"featured_media":37487,"comment_status":"open","ping_status":"open","sticky":false,"template":"","format":"standard","meta":{"fifu_image_url":"","fifu_image_alt":"","footnotes":""},"categories":[51],"tags":[],"class_list":["post-37486","post","type-post","status-publish","format-standard","has-post-thumbnail","hentry","category-saude"],"distributor_meta":false,"distributor_terms":false,"distributor_media":false,"distributor_original_site_name":"Noticias em Destaque","distributor_original_site_url":"https:\/\/noticiasdestaque.com.br","push-errors":false,"_links":{"self":[{"href":"https:\/\/noticiasdestaque.com.br\/index.php\/wp-json\/wp\/v2\/posts\/37486","targetHints":{"allow":["GET"]}}],"collection":[{"href":"https:\/\/noticiasdestaque.com.br\/index.php\/wp-json\/wp\/v2\/posts"}],"about":[{"href":"https:\/\/noticiasdestaque.com.br\/index.php\/wp-json\/wp\/v2\/types\/post"}],"author":[{"embeddable":true,"href":"https:\/\/noticiasdestaque.com.br\/index.php\/wp-json\/wp\/v2\/users\/1"}],"replies":[{"embeddable":true,"href":"https:\/\/noticiasdestaque.com.br\/index.php\/wp-json\/wp\/v2\/comments?post=37486"}],"version-history":[{"count":0,"href":"https:\/\/noticiasdestaque.com.br\/index.php\/wp-json\/wp\/v2\/posts\/37486\/revisions"}],"wp:featuredmedia":[{"embeddable":true,"href":"https:\/\/noticiasdestaque.com.br\/index.php\/wp-json\/wp\/v2\/media\/37487"}],"wp:attachment":[{"href":"https:\/\/noticiasdestaque.com.br\/index.php\/wp-json\/wp\/v2\/media?parent=37486"}],"wp:term":[{"taxonomy":"category","embeddable":true,"href":"https:\/\/noticiasdestaque.com.br\/index.php\/wp-json\/wp\/v2\/categories?post=37486"},{"taxonomy":"post_tag","embeddable":true,"href":"https:\/\/noticiasdestaque.com.br\/index.php\/wp-json\/wp\/v2\/tags?post=37486"}],"curies":[{"name":"wp","href":"https:\/\/api.w.org\/{rel}","templated":true}]}}