{"id":37484,"date":"2024-08-21T03:00:00","date_gmt":"2024-08-21T06:00:00","guid":{"rendered":"https:\/\/noticiasdestaque.com.br\/index.php\/2024\/08\/21\/acolhimento-como-falar-com-criancas-e-adolescentes-durante-e-apos-desastres\/"},"modified":"2024-08-21T03:00:00","modified_gmt":"2024-08-21T06:00:00","slug":"acolhimento-como-falar-com-criancas-e-adolescentes-durante-e-apos-desastres","status":"publish","type":"post","link":"https:\/\/noticiasdestaque.com.br\/index.php\/2024\/08\/21\/acolhimento-como-falar-com-criancas-e-adolescentes-durante-e-apos-desastres\/","title":{"rendered":"Acolhimento: como falar com crian\u00e7as e adolescentes durante e ap\u00f3s desastres"},"content":{"rendered":"<p>\t\t\t\t\t\t\t\t\t\t<audio controls class=\"b61_audio_player\" data-noticia=\"74332\" src=\"https:\/\/brasil61.com\/rails\/active_storage\/blobs\/eyJfcmFpbHMiOnsibWVzc2FnZSI6IkJBaHBBNS94QWc9PSIsImV4cCI6bnVsbCwicHVyIjoiYmxvYl9pZCJ9fQ==--2e88dac95cbbb71ee4435e46c16f041286a4e187\/UCEF240112B\"><\/audio><\/p>\n<p>Imagine do dia para a noite ter que deixar sua casa, sua escola, amigos e tudo o que traz conforto e seguran\u00e7a para tr\u00e1s. Esta foi a situa\u00e7\u00e3o que viveram milhares de crian\u00e7as ga\u00fachas em fun\u00e7\u00e3o da trag\u00e9dia das enchentes que devastaram o Rio Grande do Sul este ano. Diante de um cen\u00e1rio de tantas perdas e mudan\u00e7as, o Fundo das Na\u00e7\u00f5es Unidas para a Inf\u00e2ncia \u2014 UNICEF \u2014 orienta como pais, respons\u00e1veis e cuidadores devem agir para acolher e dar o suporte emocional necess\u00e1rio \u00e0s crian\u00e7as.<\/p>\n<p>Antes de mais nada, \u00e9 importante lembrar que todo adulto respons\u00e1vel pelo cuidado de crian\u00e7as precisa estar bem para ser capaz de oferecer suporte, explica a oficial de prote\u00e7\u00e3o contra viol\u00eancia do UNICEF, Jackline Atwi.<\/p>\n<p>\u201cUma pessoa que n\u00e3o est\u00e1 bem psicologicamente n\u00e3o vai poder ajudar o pr\u00f3ximo. Por isso os pais, cuidadores ou qualquer respons\u00e1vel da comunidade que queira prestar uma aten\u00e7\u00e3o para as crian\u00e7as e ajud\u00e1-las, que esteja bem e que procure ajuda quando necessitar. Os adultos e pais tamb\u00e9m sofreram, n\u00e3o s\u00f3 com o medo e trauma, mas em ver os filhos sofrendo\u201d, alerta.<\/p>\n<h2>Ouvir e acolher<\/h2>\n<p>Durante situa\u00e7\u00f5es de emerg\u00eancia, as crian\u00e7as e adolescentes podem estar com medo, se sentindo ansiosos e at\u00e9 mesmo desenvolver traumas. Por isso, falar de forma tranquila, mantendo a calma e respirar antes de conversar com as crian\u00e7as est\u00e3o entre as orienta\u00e7\u00f5es do UNICEF. \u00c9 importante levar em conta o estado emocional dos adultos, j\u00e1 que as crian\u00e7as sentem o que veem nos mais velhos. Tamb\u00e9m \u00e9 importante respeitar a vontade da crian\u00e7a: se ela deseja falar, \u00e9 essencial ter algu\u00e9m para ouvi-la, mas se preferir n\u00e3o conversar, n\u00e3o deve ser pressionada.<\/p>\n<p>\u201c\u00c0s vezes as crian\u00e7as querem dizer algo que n\u00e3o est\u00e1 diretamente relacionado a outros traumas, a outras viv\u00eancias, um medo antigo \u00e9 revivido. Por isso \u00e9 t\u00e3o importante dar espa\u00e7o para que a crian\u00e7a possa se expressar como quiser\u201d, complementa a oficial do UNICEF. \u00a0<\/p>\n<p>O mesmo vale para o choro, que n\u00e3o deve ser reprimido, j\u00e1 que \u00e9 uma forma importante de extravasar as emo\u00e7\u00f5es.<\/p>\n<h2>Conectar fatos e preparar para o futuro<\/h2>\n<p>Criar uma conex\u00e3o entre a realidade do que as crian\u00e7as est\u00e3o vivendo e o cuidado com a natureza \u00e9 importante em v\u00e1rios aspectos, ressalta a oficial do UNICEF. \u201c\u00c9 nosso dever como seres humanos proteger o meio ambiente.\u201d<\/p>\n<p>\u00c9 essencial ter uma conversa aberta e cuidadosa para que crian\u00e7as e adolescentes possam entender a situa\u00e7\u00e3o e aprender a lidar com ela. Os pais devem procurar explicar de forma simples e real o que est\u00e1 acontecendo, evitando mentir ou dizer que esta situa\u00e7\u00e3o n\u00e3o vai voltar a acontecer, e sempre ouvir com aten\u00e7\u00e3o o que a crian\u00e7a tem a dizer.<\/p>\n<p>\u201cOs pais t\u00eam que, de alguma forma, estarem preparados emocional e logisticamente para um plano de evacua\u00e7\u00e3o, mesmo que individual. Ao menos saberem o que pode ser feito brevemente, caso aconte\u00e7a de novo, para que a crian\u00e7a se sinta segura\u201d alerta a oficial.<\/p>\n<h2>Estabelecer rotina, onde quer que seja<\/h2>\n<p>A rotina, os espa\u00e7os e as brincadeiras das crian\u00e7as precisam ser mantidas dentro da realidade poss\u00edvel, seja num abrigo ou alojamento. Fazer com que a crian\u00e7a se sinta parte da solu\u00e7\u00e3o para os problemas tamb\u00e9m \u00e9 uma forma de inser\u00e7\u00e3o e acolhimento. Por isso, \u00e9 sempre v\u00e1lido criar essas oportunidades, incluindo crian\u00e7as e jovens com defici\u00eancia. A oficial do UNICEF acrescenta:<\/p>\n<p>\u201cEsse fato de retomar a rotina faz com que a crian\u00e7a volte a normalizar o dia a dia. Tem espa\u00e7os do UNICEF, espa\u00e7os comunit\u00e1rios, que podem acolher essas crian\u00e7as a terem atividades rotineiras, um espa\u00e7o para brincar, para se expressar, \u00e0s vezes para pintar, s\u00f3 para poder se livrar dos pensamentos negativos.\u201d \u00a0<\/p>\n<p>Encontrar pessoas que sirvam como pontos de apoio \u00e9 fundamental, sejam amigos, familiares, professores. Em momentos de crise e trag\u00e9dia tamb\u00e9m \u00e9 importante incentivar nas crian\u00e7as a reflex\u00e3o sobre como conseguiram lidar com situa\u00e7\u00f5es dif\u00edceis anteriormente e como a atual situa\u00e7\u00e3o tamb\u00e9m poder\u00e1 ser superada.<\/p>\n<p>\t\t\t\t\t\t\t\t\t<img loading=\"lazy\" decoding=\"async\" src=\"https:\/\/brasil61.com\/api\/v1\/serve_pixel\/17677\/74332\" alt=\"Pixel Brasil 61\" class=\"b61_pixel\" width=\"0\" height=\"0\"><\/p>\n<input type=\"hidden\" id=\"baseurl\" value=\"https:\/\/noticiasdestaque.com.br\"><input type=\"hidden\" id=\"audio_nonce\" value=\"6a24ca502e\">","protected":false},"excerpt":{"rendered":"<p>UNICEF orienta como adultos e respons\u00e1veis devem tratar crian\u00e7as em per\u00edodos ap\u00f3s calamidades e situa\u00e7\u00f5es de emerg\u00eancia, sempre valorizando a verdade, os sentimentos e a escuta atenta para essas crian\u00e7as.<\/p>\n","protected":false},"author":1,"featured_media":37485,"comment_status":"open","ping_status":"open","sticky":false,"template":"","format":"standard","meta":{"fifu_image_url":"","fifu_image_alt":"","footnotes":""},"categories":[51],"tags":[],"class_list":["post-37484","post","type-post","status-publish","format-standard","has-post-thumbnail","hentry","category-saude"],"distributor_meta":false,"distributor_terms":false,"distributor_media":false,"distributor_original_site_name":"Noticias em Destaque","distributor_original_site_url":"https:\/\/noticiasdestaque.com.br","push-errors":false,"_links":{"self":[{"href":"https:\/\/noticiasdestaque.com.br\/index.php\/wp-json\/wp\/v2\/posts\/37484","targetHints":{"allow":["GET"]}}],"collection":[{"href":"https:\/\/noticiasdestaque.com.br\/index.php\/wp-json\/wp\/v2\/posts"}],"about":[{"href":"https:\/\/noticiasdestaque.com.br\/index.php\/wp-json\/wp\/v2\/types\/post"}],"author":[{"embeddable":true,"href":"https:\/\/noticiasdestaque.com.br\/index.php\/wp-json\/wp\/v2\/users\/1"}],"replies":[{"embeddable":true,"href":"https:\/\/noticiasdestaque.com.br\/index.php\/wp-json\/wp\/v2\/comments?post=37484"}],"version-history":[{"count":0,"href":"https:\/\/noticiasdestaque.com.br\/index.php\/wp-json\/wp\/v2\/posts\/37484\/revisions"}],"wp:featuredmedia":[{"embeddable":true,"href":"https:\/\/noticiasdestaque.com.br\/index.php\/wp-json\/wp\/v2\/media\/37485"}],"wp:attachment":[{"href":"https:\/\/noticiasdestaque.com.br\/index.php\/wp-json\/wp\/v2\/media?parent=37484"}],"wp:term":[{"taxonomy":"category","embeddable":true,"href":"https:\/\/noticiasdestaque.com.br\/index.php\/wp-json\/wp\/v2\/categories?post=37484"},{"taxonomy":"post_tag","embeddable":true,"href":"https:\/\/noticiasdestaque.com.br\/index.php\/wp-json\/wp\/v2\/tags?post=37484"}],"curies":[{"name":"wp","href":"https:\/\/api.w.org\/{rel}","templated":true}]}}