{"id":37480,"date":"2024-08-17T03:00:00","date_gmt":"2024-08-17T06:00:00","guid":{"rendered":"https:\/\/noticiasdestaque.com.br\/index.php\/2024\/08\/17\/nova-onda-de-calor-prevista-para-domingo-18\/"},"modified":"2024-08-17T03:00:00","modified_gmt":"2024-08-17T06:00:00","slug":"nova-onda-de-calor-prevista-para-domingo-18","status":"publish","type":"post","link":"https:\/\/noticiasdestaque.com.br\/index.php\/2024\/08\/17\/nova-onda-de-calor-prevista-para-domingo-18\/","title":{"rendered":"Nova onda de calor prevista para domingo (18)"},"content":{"rendered":"<p>\t\t\t\t\t\t\t\t\t\t<audio controls class=\"b61_audio_player\" data-noticia=\"74296\" src=\"https:\/\/brasil61.com\/rails\/active_storage\/blobs\/eyJfcmFpbHMiOnsibWVzc2FnZSI6IkJBaHBBL1R3QWc9PSIsImV4cCI6bnVsbCwicHVyIjoiYmxvYl9pZCJ9fQ==--7bc11ecc8802aa5f4cc756eccbcd3c481bb9be63\/BRAS2412426A\"><\/audio><\/p>\n<p>O Brasil deve enfrentar uma mudan\u00e7a de temperatura brusca no m\u00eas de agosto. Segundo o Climatempo, uma nova onda de calor deve atuar sobre o pa\u00eds a partir do domingo (18). A previs\u00e3o aponta que o frio do in\u00edcio da semana vai se deslocar e a onda de calor deve durar pelo menos at\u00e9 o dia 22 de agosto.\u00a0<\/p>\n<p>De acordo com o Climatempo, uma nova e forte massa de ar quente est\u00e1 se estabilizando na regi\u00e3o central, o que favorece o aumento das temperaturas. Ap\u00f3s a recente e forte atua\u00e7\u00e3o de uma massa de ar frio, com \u00a0recordes de baixas temperaturas no pa\u00eds, a chegada da massa de ar quente cria um contraste significativo.<\/p>\n<p>A mudan\u00e7a brusca de temperatura traz alerta para a sa\u00fade dos brasileiros, em especial, dos moradores das \u00e1reas cujas temperaturas atingirem de 5\u202f\u00b0C a 7\u202f\u00b0C acima da m\u00e9dia nos pr\u00f3ximos dias, por exemplo, em parte dos estados do Mato Grosso do Sul, Mato Grosso e de S\u00e3o Paulo.<\/p>\n<p><strong>Confira o mapa com a previs\u00e3o de temperaturas para os dias 18 a 22 de agosto:<\/strong><\/p>\n<p><strong>(MAPA)<\/strong><\/p>\n<p>O meteorologista consultor clim\u00e1tico e ex-diretor do Instituto Nacional de Meteorologia (Inmet), Francisco de Assis Diniz, explica que a onda de calor que chega ao pa\u00eds \u00e9 proveniente de um bloqueio atmosf\u00e9rico causado pelos ventos na alta atmosfera, formado entre a Argentina e o Rio Grande do Sul. Segundo ele, esses ventos na alta atmosfera s\u00e3o conhecidos como correntes de jato e, ao passar dos dias, o ar quente e seco fica mais intenso.<\/p>\n<p>\u00a0\u201cQuando eles est\u00e3o no sentido de oeste para o leste ou noroeste para o sudeste, a\u00ed eles bloqueiam a passagem das frentes frias, n\u00e3o deixam chegar nada no Brasil. E a\u00ed fica predominando ar quente e seco em grande parte do pa\u00eds, especialmente em toda a parte central. E esse ar quente e seco, na propor\u00e7\u00e3o que vai passando dias, vai ganhando mais energia e ficando mais forte\u201d, afirma Diniz.<\/p>\n<p>Francisco de Assis Diniz menciona, ainda, que o bloqueio atmosf\u00e9rico vai ser rompido l\u00e1 pelo dia 21, 22:\u00a0&#8220;quando ele se romper\u00a0vai passar uma frente fria, e o ar frio que vem \u00e0 retaguarda dessa frente fria avan\u00e7a, pegando mais a parte sul e com algumas localidades da regi\u00e3o sudeste, com a parte central do Brasil&#8221;, explica.<\/p>\n<h2>Impactos \u00e0 sa\u00fade e como se proteger<\/h2>\n<p>O Climatempo alerta para o cen\u00e1rio de tempo seco\u00a0associado \u00e0 baixa umidade relativa do ar, que\u00a0pode dificultar a respira\u00e7\u00e3o. Al\u00e9m disso, a situa\u00e7\u00e3o exige maior hidrata\u00e7\u00e3o.<\/p>\n<p>O pneumologista do Hospital Anchieta, Bras\u00edlia (DF), Daniel Boczar, destaca que as crian\u00e7as at\u00e9 5 anos de idade e idosos acima de 65 anos devem ser prioridade na aten\u00e7\u00e3o aos cuidados com a sa\u00fade. Isso porque os pequenos possuem um sistema imune ainda em desenvolvimento e, no caso dos idosos, o sistema imunol\u00f3gico est\u00e1 enfraquecido e eles s\u00e3o mais propensos a infec\u00e7\u00f5es.<\/p>\n<p>Segundo Daniel Boczar, as altera\u00e7\u00f5es bruscas de temperatura contribuem para uma s\u00e9rie de sintomas que causam diversos preju\u00edzos ao organismo. Ele destaca que gripes e altera\u00e7\u00e3o de press\u00e3o arterial s\u00e3o algumas consequ\u00eancias.<\/p>\n<p>\u201cAl\u00e9m de alterar a resposta do sistema imune com a produ\u00e7\u00e3o de menos anticorpos, temperaturas inst\u00e1veis aumentam os riscos de infec\u00e7\u00f5es como gripes, resfriados, sinusites, pneumonias e gastroenterites. Afetam os batimentos card\u00edacos, a press\u00e3o arterial, diminuem o di\u00e2metro dos vasos sangu\u00edneos, levando a um aumento de eventos cardiovasculares como AVC e infarto\u201d, diz \u00a0Boczar.<\/p>\n<p>A mudan\u00e7a brusca de temperatura tamb\u00e9m modifica as caracter\u00edsticas das secre\u00e7\u00f5es das vias a\u00e9reas, \u201cdesencadeando crises de asma, rinites, por exemplo, e levam ao ressecamento da pele dos olhos com as dermatites e conjuntivites\u201d, salienta Boczar.<\/p>\n<p><strong>Confira dicas do especialista para se proteger:<\/strong><\/p>\n<ul>\n<li>Manter uma alimenta\u00e7\u00e3o equilibrada com a ingest\u00e3o de frutas, legumes e verduras;<\/li>\n<li>Hidrata\u00e7\u00e3o frequente com \u00e1gua de acordo com o peso da pessoa;<\/li>\n<li>Manter a pele e os olhos hidratados;<\/li>\n<li>Ter uma boa ventila\u00e7\u00e3o em casa e em ambientes fechados;<\/li>\n<li>Certificar a manuten\u00e7\u00e3o dos aparelhos de ar condicionado e umidificadores;<\/li>\n<li>Manter a boa higiene das m\u00e3os;<\/li>\n<li>N\u00e3o visitar pessoas que estiverem doentes;<\/li>\n<li>Evitar ambientes com aglomera\u00e7\u00e3o;<\/li>\n<li>Procurar aux\u00edlio m\u00e9dico quando necess\u00e1rio.<br \/>\n\t\u00a0<\/li>\n<\/ul>\n<p>\t\t\t\t\t\t\t\t\t<img loading=\"lazy\" decoding=\"async\" src=\"https:\/\/brasil61.com\/api\/v1\/serve_pixel\/17677\/74296\" alt=\"Pixel Brasil 61\" class=\"b61_pixel\" width=\"0\" height=\"0\"><\/p>\n<input type=\"hidden\" id=\"baseurl\" value=\"https:\/\/noticiasdestaque.com.br\"><input type=\"hidden\" id=\"audio_nonce\" value=\"6a24ca502e\">","protected":false},"excerpt":{"rendered":"<p>Segundo o Climatempo, uma nova onda de calor deve atuar sobre o Brasil a partir do pr\u00f3ximo domingo (18). Altera\u00e7\u00e3o t\u00e9rmica do frio ao calor em dias acende alerta para cuidado; veja impactos da mudan\u00e7a de temperatura \u00e0 sa\u00fade e saiba cuidados devem ser adotados<\/p>\n","protected":false},"author":1,"featured_media":37481,"comment_status":"open","ping_status":"open","sticky":false,"template":"","format":"standard","meta":{"fifu_image_url":"","fifu_image_alt":"","footnotes":""},"categories":[51],"tags":[],"class_list":["post-37480","post","type-post","status-publish","format-standard","has-post-thumbnail","hentry","category-saude"],"distributor_meta":false,"distributor_terms":false,"distributor_media":false,"distributor_original_site_name":"Noticias em Destaque","distributor_original_site_url":"https:\/\/noticiasdestaque.com.br","push-errors":false,"_links":{"self":[{"href":"https:\/\/noticiasdestaque.com.br\/index.php\/wp-json\/wp\/v2\/posts\/37480","targetHints":{"allow":["GET"]}}],"collection":[{"href":"https:\/\/noticiasdestaque.com.br\/index.php\/wp-json\/wp\/v2\/posts"}],"about":[{"href":"https:\/\/noticiasdestaque.com.br\/index.php\/wp-json\/wp\/v2\/types\/post"}],"author":[{"embeddable":true,"href":"https:\/\/noticiasdestaque.com.br\/index.php\/wp-json\/wp\/v2\/users\/1"}],"replies":[{"embeddable":true,"href":"https:\/\/noticiasdestaque.com.br\/index.php\/wp-json\/wp\/v2\/comments?post=37480"}],"version-history":[{"count":0,"href":"https:\/\/noticiasdestaque.com.br\/index.php\/wp-json\/wp\/v2\/posts\/37480\/revisions"}],"wp:featuredmedia":[{"embeddable":true,"href":"https:\/\/noticiasdestaque.com.br\/index.php\/wp-json\/wp\/v2\/media\/37481"}],"wp:attachment":[{"href":"https:\/\/noticiasdestaque.com.br\/index.php\/wp-json\/wp\/v2\/media?parent=37480"}],"wp:term":[{"taxonomy":"category","embeddable":true,"href":"https:\/\/noticiasdestaque.com.br\/index.php\/wp-json\/wp\/v2\/categories?post=37480"},{"taxonomy":"post_tag","embeddable":true,"href":"https:\/\/noticiasdestaque.com.br\/index.php\/wp-json\/wp\/v2\/tags?post=37480"}],"curies":[{"name":"wp","href":"https:\/\/api.w.org\/{rel}","templated":true}]}}