{"id":37478,"date":"2024-08-16T03:00:00","date_gmt":"2024-08-16T06:00:00","guid":{"rendered":"https:\/\/noticiasdestaque.com.br\/index.php\/2024\/08\/16\/ministerio-da-saude-instala-comite-de-emergencia-para-mpox\/"},"modified":"2024-08-16T03:00:00","modified_gmt":"2024-08-16T06:00:00","slug":"ministerio-da-saude-instala-comite-de-emergencia-para-mpox","status":"publish","type":"post","link":"https:\/\/noticiasdestaque.com.br\/index.php\/2024\/08\/16\/ministerio-da-saude-instala-comite-de-emergencia-para-mpox\/","title":{"rendered":"Minist\u00e9rio da Sa\u00fade instala Comit\u00ea de Emerg\u00eancia para Mpox"},"content":{"rendered":"<p>\t\t\t\t\t\t\t\t\t\t<audio controls class=\"b61_audio_player\" data-noticia=\"74242\" src=\"https:\/\/brasil61.com\/rails\/active_storage\/blobs\/eyJfcmFpbHMiOnsibWVzc2FnZSI6IkJBaHBBNEx3QWc9PSIsImV4cCI6bnVsbCwicHVyIjoiYmxvYl9pZCJ9fQ==--ddfe3b4e4e7c48660ac36d15807ea4aa5e1d1354\/BRAS2412408A\"><\/audio><\/p>\n<p>O Minist\u00e9rio da Sa\u00fade anunciou nesta quinta-feira (15) a instala\u00e7\u00e3o de um Centro de Opera\u00e7\u00f5es de Emerg\u00eancia em Sa\u00fade (COE) para coordenar as a\u00e7\u00f5es de resposta \u00e0 Mpox. Durante reuni\u00e3o na sede da Secretaria de Vigil\u00e2ncia em Sa\u00fade e Ambiente (SVSA), onde o COE foi instalado, a secret\u00e1ria da pasta Ethel Maciel destacou as principais a\u00e7\u00f5es para conter a dissemina\u00e7\u00e3o da Mpox, entre elas:<\/p>\n<ul>\n<li>amplia\u00e7\u00e3o da capacidade de diagn\u00f3stico;<\/li>\n<li>negocia\u00e7\u00e3o para compra de medicamentos para tratamento da Mpox (como o Tecovirimat);<\/li>\n<li>negocia\u00e7\u00e3o com a Organiza\u00e7\u00e3o Mundial de Sa\u00fade (OMS) para aquisi\u00e7\u00e3o emergencial de 25 mil doses de vacinas;<\/li>\n<li>atualiza\u00e7\u00e3o do Plano de Conting\u00eancia 2024 .<\/li>\n<li>A secretaria de Vigil\u00e2ncia em Sa\u00fade destacou que, apesar de a OMS ter decretado os casos de Mpox na \u00c1frica como situa\u00e7\u00e3o de emerg\u00eancia de sa\u00fade global, o Brasil ainda est\u00e1 em n\u00edvel 1, ou seja, em situa\u00e7\u00e3o de normalidade. Isso acontece porque o territ\u00f3rio brasileiro n\u00e3o registrou nenhum caso da variante 1b do mpox v\u00edrus, que \u00e9 considerado mais transmiss\u00edvel e pode causar doen\u00e7as mais graves. At\u00e9 o momento, essa cepa j\u00e1 foi identificada em pa\u00edses como a Rep\u00fablica Centro-Africana, Rep\u00fablica Democr\u00e1tica do Congo e Ruanda.\u00a0<\/li>\n<\/ul>\n<p>Durante o webin\u00e1rio &#8220;Situa\u00e7\u00e3o Epidemiol\u00f3gica e Resposta \u00e0 Mpox no Brasil&#8221;, realizado nesta ter\u00e7a-feira (13), o diretor do Departamento de HIV, Aids, Tuberculose, Hepatites Virais e Infec\u00e7\u00f5es Sexualmente Transmiss\u00edveis (Dathi) Draurio Barreira disse que, embora os casos no Brasil n\u00e3o sejam t\u00e3o expressivos, \u00e9 preciso manter as medidas preventivas.<\/p>\n<p>\u201cN\u00f3s temos um aumento sem precedentes na \u00c1frica. Mas nessa \u00e9poca de globaliza\u00e7\u00e3o que a gente vive, ter um caso na \u00c1frica, na \u00c1sia, em qualquer lugar, significa um risco de isso se tornar uma epidemia global. Acho que essa iniciativa do webin\u00e1rio \u00e9 uma antecipa\u00e7\u00e3o para que n\u00e3o sejamos pegos de surpresa, caso tenhamos uma nova pandemia.\u201d<\/p>\n<h2>Perfil dos casos no Brasil<\/h2>\n<p>Segundo o Minist\u00e9rio da Sa\u00fade, desde o in\u00edcio do surto de Mpox em 2022 at\u00e9 hoje, o Brasil registrou 12.215 casos confirmados ou prov\u00e1veis da doen\u00e7a. Desses, 91,3% s\u00e3o pacientes do sexo masculino e 70% t\u00eam entre 19 e 39 anos.\u00a0<\/p>\n<p>S\u00f3 em 2024, foram 696 casos confirmados e 13 prov\u00e1veis, sendo 85,9% do sexo masculino, 44% entre 30 e 39 anos e 30,6% entre 18 e 29 anos. Al\u00e9m disso, este ano, foram contabilizadas 49 hospitaliza\u00e7\u00f5es e cinco\u00a0interna\u00e7\u00f5es em UTI.<\/p>\n<p>Desde 2022, foram registrados 16 \u00f3bitos por Mpox, todos do sexo masculino, com idades entre 26 e 35 anos. O \u00faltimo \u00f3bito no Brasil pela doen\u00e7a foi confirmado no dia 17 de abril de 2023.\u00a0<\/p>\n<p>O diretor do Dathi Draurio Barreira ressalta a import\u00e2ncia de ficar atento aos sintomas e buscar tratamento.<\/p>\n<p>\u201cN\u00f3s n\u00e3o temos um teste r\u00e1pido, mas os testes que n\u00f3s temos s\u00e3o testes de grande precis\u00e3o, no sentido de que s\u00e3o testes moleculares ou de sequenciamento gen\u00e9tico. Mas n\u00e3o d\u00e1 tempo de esperar o diagn\u00f3stico definitivo por m\u00e9todo laboratorial para que a gente evite o processo da transmiss\u00e3o da doen\u00e7a. Portanto, na sintomatologia de p\u00fastulas, de erup\u00e7\u00f5es cut\u00e2neas, de feridas, de todas as manifesta\u00e7\u00f5es cut\u00e2neas que possam aparecer, a gente tem que pensar imediatamente na Mpox. Porque, de fato, \u00e9 o racioc\u00ednio que a gente tem que fazer de pensar em Mpox, isolar o paciente, come\u00e7ar o tratamento dispon\u00edvel de suporte.\u201d<\/p>\n<p>Durante a reuni\u00e3o de instala\u00e7\u00e3o do COE, o Minist\u00e9rio da Sa\u00fade manteve a recomenda\u00e7\u00e3o de vacina\u00e7\u00e3o contra Mpox para:<\/p>\n<ul>\n<li>pessoas vivendo com HIV\/aids (PVHA): homens cisg\u00eaneros, travestis e mulheres transexuais; com idade igual ou superior a 18 anos; e com status imunol\u00f3gico identificado pela contagem de linf\u00f3citos T CD4 inferior a 200 c\u00e9lulas nos \u00faltimos seis meses;<\/li>\n<li>profissionais de laborat\u00f3rio que trabalham diretamente com Orthopoxv\u00edrus em laborat\u00f3rios com n\u00edvel de biosseguran\u00e7a 2 (NB-2), de 18 a 49 anos de idade;<\/li>\n<li>pessoas que tiveram contato direto com fluidos e secre\u00e7\u00f5es corporais de pessoas suspeitas, prov\u00e1veis ou confirmadas para Mpox, cuja exposi\u00e7\u00e3o seja classificada como de alto ou m\u00e9dio risco, conforme recomenda\u00e7\u00f5es da OMS, mediante avalia\u00e7\u00e3o da vigil\u00e2ncia local.<\/li>\n<\/ul>\n<p>Saiba mais no <a href=\"https:\/\/www.gov.br\/saude\/pt-br\/assuntos\/saude-de-a-a-z\/m\/mpox#:~:text=A%20mpox%20%C3%A9%20uma%20doen%C3%A7a,Materiais%20contaminados%20com%20o%20v%C3%ADrus\" target=\"_blank\" rel=\"noopener\">site do Minist\u00e9rio da Sa\u00fade<\/a>.<\/p>\n<p><strong><a href=\"https:\/\/brasil61.com\/n\/ministerio-da-saude-recomenda-que-estados-e-municipios-facam-vigilancia-local-dos-casos-de-mpox-bras2412403\" target=\"_blank\" rel=\"noopener\">Minist\u00e9rio da Sa\u00fade recomenda que estados e munic\u00edpios fa\u00e7am vigil\u00e2ncia local dos casos de Mpox<\/a><\/strong><\/p>\n<p><strong><a href=\"https:\/\/brasil61.com\/n\/oms-atualiza-lista-de-doencas-capazes-de-provocar-pandemias-bras2412376\" target=\"_blank\" rel=\"noopener\">OMS atualiza lista de doen\u00e7as capazes de provocar pandemias<\/a><\/strong><\/p>\n<p>\t\t\t\t\t\t\t\t\t<img loading=\"lazy\" decoding=\"async\" src=\"https:\/\/brasil61.com\/api\/v1\/serve_pixel\/17677\/74242\" alt=\"Pixel Brasil 61\" class=\"b61_pixel\" width=\"0\" height=\"0\"><\/p>\n<input type=\"hidden\" id=\"baseurl\" value=\"https:\/\/noticiasdestaque.com.br\"><input type=\"hidden\" id=\"audio_nonce\" value=\"6a24ca502e\">","protected":false},"excerpt":{"rendered":"<p>Entre as a\u00e7\u00f5es anunciadas, a pasta vai ampliar a capacidade de diagn\u00f3stico, negociar compra de medicamentos e vacinas e atualizar plano de conting\u00eancia<\/p>\n","protected":false},"author":1,"featured_media":37479,"comment_status":"open","ping_status":"open","sticky":false,"template":"","format":"standard","meta":{"fifu_image_url":"","fifu_image_alt":"","footnotes":""},"categories":[51],"tags":[],"class_list":["post-37478","post","type-post","status-publish","format-standard","has-post-thumbnail","hentry","category-saude"],"distributor_meta":false,"distributor_terms":false,"distributor_media":false,"distributor_original_site_name":"Noticias em Destaque","distributor_original_site_url":"https:\/\/noticiasdestaque.com.br","push-errors":false,"_links":{"self":[{"href":"https:\/\/noticiasdestaque.com.br\/index.php\/wp-json\/wp\/v2\/posts\/37478","targetHints":{"allow":["GET"]}}],"collection":[{"href":"https:\/\/noticiasdestaque.com.br\/index.php\/wp-json\/wp\/v2\/posts"}],"about":[{"href":"https:\/\/noticiasdestaque.com.br\/index.php\/wp-json\/wp\/v2\/types\/post"}],"author":[{"embeddable":true,"href":"https:\/\/noticiasdestaque.com.br\/index.php\/wp-json\/wp\/v2\/users\/1"}],"replies":[{"embeddable":true,"href":"https:\/\/noticiasdestaque.com.br\/index.php\/wp-json\/wp\/v2\/comments?post=37478"}],"version-history":[{"count":0,"href":"https:\/\/noticiasdestaque.com.br\/index.php\/wp-json\/wp\/v2\/posts\/37478\/revisions"}],"wp:featuredmedia":[{"embeddable":true,"href":"https:\/\/noticiasdestaque.com.br\/index.php\/wp-json\/wp\/v2\/media\/37479"}],"wp:attachment":[{"href":"https:\/\/noticiasdestaque.com.br\/index.php\/wp-json\/wp\/v2\/media?parent=37478"}],"wp:term":[{"taxonomy":"category","embeddable":true,"href":"https:\/\/noticiasdestaque.com.br\/index.php\/wp-json\/wp\/v2\/categories?post=37478"},{"taxonomy":"post_tag","embeddable":true,"href":"https:\/\/noticiasdestaque.com.br\/index.php\/wp-json\/wp\/v2\/tags?post=37478"}],"curies":[{"name":"wp","href":"https:\/\/api.w.org\/{rel}","templated":true}]}}