{"id":37435,"date":"2024-08-27T18:00:00","date_gmt":"2024-08-27T21:00:00","guid":{"rendered":"https:\/\/noticiasdestaque.com.br\/index.php\/2024\/08\/27\/previsao-do-tempo-quarta-feira-28-com-alerta-para-ventos-costeiros-e-vendaval-em-alagoas\/"},"modified":"2024-08-27T18:00:00","modified_gmt":"2024-08-27T21:00:00","slug":"previsao-do-tempo-quarta-feira-28-com-alerta-para-ventos-costeiros-e-vendaval-em-alagoas","status":"publish","type":"post","link":"https:\/\/noticiasdestaque.com.br\/index.php\/2024\/08\/27\/previsao-do-tempo-quarta-feira-28-com-alerta-para-ventos-costeiros-e-vendaval-em-alagoas\/","title":{"rendered":"PREVIS\u00c3O DO TEMPO: quarta-feira (28) com alerta para ventos costeiros e vendaval em Alagoas"},"content":{"rendered":"<p>\t\t\t\t\t\t\t\t\t\t<audio controls class=\"b61_audio_player\" data-noticia=\"74840\" src=\"https:\/\/brasil61.com\/rails\/active_storage\/blobs\/eyJfcmFpbHMiOnsibWVzc2FnZSI6IkJBaHBBMUwxQWc9PSIsImV4cCI6bnVsbCwicHVyIjoiYmxvYl9pZCJ9fQ==--a246fd64ec0964445762d475971137ec92b6348c\/PTND244329A\"><\/audio><\/p>\n<p>Nesta quarta-feira (28), o Instituto Nacional de Meteorologia (Inmet) alerta para ventos costeiros em toda a faixa litor\u00e2nea de Alagoas.<\/p>\n<p>Tamb\u00e9m h\u00e1 alerta para perigo potencial de vendaval em todo o estado, em cidades como Maragogi, Santana do Munda\u00fa e Uni\u00e3o dos Palmares.<\/p>\n<p>O dia come\u00e7a com possibilidade de chuva nas microrregi\u00f5es de Serrana dos Quilombos, Mata Alagoana, Litoral Norte Alagoano e Macei\u00f3. Durante a tarde, h\u00e1 possibilidade de chuva apenas nas microrregi\u00f5es de Litoral Norte Alagoano e Mata Alagoana. \u00c0 noite, tempo encoberto e sem chuvas em todo o estado. \u00a0<\/p>\n<p>A temperatura m\u00ednima fica em torno de 17\u00b0C, em Palmeira dos \u00cdndios \u2014 e a m\u00e1xima prevista \u00e9 de 32\u00baC, em Delmiro Gouveia. A umidade relativa do ar varia entre 50% e 95%.<\/p>\n<p>As informa\u00e7\u00f5es s\u00e3o do Instituto Nacional de Meteorologia.<\/p>\n<p>\u00a0<\/p>\n<p>\t\t\t\t\t\t\t\t\t<img loading=\"lazy\" decoding=\"async\" src=\"https:\/\/brasil61.com\/api\/v1\/serve_pixel\/17677\/74840\" alt=\"Pixel Brasil 61\" class=\"b61_pixel\" width=\"0\" height=\"0\"><\/p>\n<input type=\"hidden\" id=\"baseurl\" value=\"https:\/\/noticiasdestaque.com.br\"><input type=\"hidden\" id=\"audio_nonce\" value=\"6f73a554f1\">","protected":false},"excerpt":{"rendered":"<p>A temperatura pode variar entre 17\u00baC e 32\u00baC<\/p>\n","protected":false},"author":1,"featured_media":37436,"comment_status":"open","ping_status":"open","sticky":false,"template":"","format":"standard","meta":{"fifu_image_url":"","fifu_image_alt":"","footnotes":""},"categories":[58],"tags":[],"class_list":["post-37435","post","type-post","status-publish","format-standard","has-post-thumbnail","hentry","category-cotidiano"],"distributor_meta":false,"distributor_terms":false,"distributor_media":false,"distributor_original_site_name":"Noticias em Destaque","distributor_original_site_url":"https:\/\/noticiasdestaque.com.br","push-errors":false,"_links":{"self":[{"href":"https:\/\/noticiasdestaque.com.br\/index.php\/wp-json\/wp\/v2\/posts\/37435","targetHints":{"allow":["GET"]}}],"collection":[{"href":"https:\/\/noticiasdestaque.com.br\/index.php\/wp-json\/wp\/v2\/posts"}],"about":[{"href":"https:\/\/noticiasdestaque.com.br\/index.php\/wp-json\/wp\/v2\/types\/post"}],"author":[{"embeddable":true,"href":"https:\/\/noticiasdestaque.com.br\/index.php\/wp-json\/wp\/v2\/users\/1"}],"replies":[{"embeddable":true,"href":"https:\/\/noticiasdestaque.com.br\/index.php\/wp-json\/wp\/v2\/comments?post=37435"}],"version-history":[{"count":0,"href":"https:\/\/noticiasdestaque.com.br\/index.php\/wp-json\/wp\/v2\/posts\/37435\/revisions"}],"wp:featuredmedia":[{"embeddable":true,"href":"https:\/\/noticiasdestaque.com.br\/index.php\/wp-json\/wp\/v2\/media\/37436"}],"wp:attachment":[{"href":"https:\/\/noticiasdestaque.com.br\/index.php\/wp-json\/wp\/v2\/media?parent=37435"}],"wp:term":[{"taxonomy":"category","embeddable":true,"href":"https:\/\/noticiasdestaque.com.br\/index.php\/wp-json\/wp\/v2\/categories?post=37435"},{"taxonomy":"post_tag","embeddable":true,"href":"https:\/\/noticiasdestaque.com.br\/index.php\/wp-json\/wp\/v2\/tags?post=37435"}],"curies":[{"name":"wp","href":"https:\/\/api.w.org\/{rel}","templated":true}]}}