{"id":37403,"date":"2024-08-21T03:00:00","date_gmt":"2024-08-21T06:00:00","guid":{"rendered":"https:\/\/noticiasdestaque.com.br\/index.php\/2024\/08\/21\/desemprego-recua-em-15-estados-no-segundo-trimestre-de-2024\/"},"modified":"2024-08-21T03:00:00","modified_gmt":"2024-08-21T06:00:00","slug":"desemprego-recua-em-15-estados-no-segundo-trimestre-de-2024","status":"publish","type":"post","link":"https:\/\/noticiasdestaque.com.br\/index.php\/2024\/08\/21\/desemprego-recua-em-15-estados-no-segundo-trimestre-de-2024\/","title":{"rendered":"Desemprego recua em 15 estados no segundo trimestre de 2024"},"content":{"rendered":"<p>\t\t\t\t\t\t\t\t\t\t<audio controls class=\"b61_audio_player\" data-noticia=\"74351\" src=\"https:\/\/brasil61.com\/rails\/active_storage\/blobs\/eyJfcmFpbHMiOnsibWVzc2FnZSI6IkJBaHBBMmZ4QWc9PSIsImV4cCI6bnVsbCwicHVyIjoiYmxvYl9pZCJ9fQ==--966eb42f4432fde6ce1ce57e302d9290e46247c5\/BRAS2412435A\"><\/audio><\/p>\n<p>A taxa de desemprego recuou em 15 das 27 unidades da federa\u00e7\u00e3o no segundo trimestre de 2024, conforme os dados mais recentes da Pesquisa Nacional por Amostra de Domic\u00edlios Cont\u00ednua (Pnad-C), divulgada pelo IBGE. A maior queda foi observada na Bahia, onde a taxa de desocupa\u00e7\u00e3o caiu 2,9 pontos percentuais, passando de 14% no primeiro trimestre para 11,1% no segundo. Outros estados, como Piau\u00ed e Amazonas, tamb\u00e9m registraram quedas significativas, superando a m\u00e9dia nacional de redu\u00e7\u00e3o de 1 ponto percentual. O economista Samuel Dourado de Macedo explica a causa desta queda.<\/p>\n<p>\u201cEla se deve, sobretudo, ao aumento da atividade econ\u00f4mica. A gente consegue ver que os indicadores macroecon\u00f4micos est\u00e3o demonstrando que a economia brasileira est\u00e1 aquecida. Se voc\u00ea verificar, por exemplo, o monitor do PIB, que \u00e9 divulgado pelo IBGE, voc\u00ea pode verificar que o PIB tem avan\u00e7ado, sobretudo, pelo aumento do consumo das fam\u00edlias e pelo investimento das empresas. Ent\u00e3o, quando o produto brasileiro sobe, isso acaba resvalando no mercado de trabalho.\u201d<\/p>\n<p>Em paralelo, o n\u00famero de pessoas que buscam emprego h\u00e1 mais de dois anos caiu 17,3% no segundo trimestre deste ano em compara\u00e7\u00e3o ao mesmo per\u00edodo de 2023. Essa \u00e9 a menor quantidade para o per\u00edodo desde 2015, embora o grupo ainda represente uma parcela significativa dos desempregados.<\/p>\n<p>Samuel Dourado de Macedo\u00a0avalia que a redu\u00e7\u00e3o do desemprego, tanto em n\u00edvel nacional quanto regional, \u00e9 um sinal positivo. E ressalta que algumas unidades federativas apresentaram estabilidade nas taxas de desemprego.<\/p>\n<p>\u201cSe voc\u00ea olhar sobre o aspecto nacional e regional, voc\u00ea teve queda de desemprego tanto no nacional quanto no regional, nas regi\u00f5es brasileiras. Se voc\u00ea olha pela unidade federativa, voc\u00ea vai ver que algumas unidades federativas que tiveram estabilidade, ela\u00a0se deve\u00a0ou porque a taxa de desemprego j\u00e1 estava bastante baixinha e chega em um termo que os economistas chamam de taxa de desemprego de equil\u00edbrio e o segundo fato pode se deve \u00e0\u00a0performance de alguns setores de economia.\u201d<\/p>\n<p>Apesar das melhoras no cen\u00e1rio geral, a desigualdade de g\u00eanero ainda \u00e9 um desafio. No segundo trimestre, a taxa de desemprego das mulheres foi de 8,6%, enquanto a dos homens foi de 5,6%. Al\u00e9m disso, o rendimento m\u00e9dio das mulheres ficou em R$ 2.696, significativamente menor que o dos homens, que alcan\u00e7ou R$ 3.424.<br \/>\n\u00a0<\/p>\n<p>\t\t\t\t\t\t\t\t\t<img loading=\"lazy\" decoding=\"async\" src=\"https:\/\/brasil61.com\/api\/v1\/serve_pixel\/17677\/74351\" alt=\"Pixel Brasil 61\" class=\"b61_pixel\" width=\"0\" height=\"0\"><\/p>\n<input type=\"hidden\" id=\"baseurl\" value=\"https:\/\/noticiasdestaque.com.br\"><input type=\"hidden\" id=\"audio_nonce\" value=\"6a24ca502e\">","protected":false},"excerpt":{"rendered":"<p>Bahia registra maior queda, enquanto outros estados mant\u00eam estabilidade nas taxas de desocupa\u00e7\u00e3o<\/p>\n","protected":false},"author":1,"featured_media":37404,"comment_status":"open","ping_status":"open","sticky":false,"template":"","format":"standard","meta":{"fifu_image_url":"","fifu_image_alt":"","footnotes":""},"categories":[48],"tags":[],"class_list":["post-37403","post","type-post","status-publish","format-standard","has-post-thumbnail","hentry","category-mundo"],"distributor_meta":false,"distributor_terms":false,"distributor_media":false,"distributor_original_site_name":"Noticias em Destaque","distributor_original_site_url":"https:\/\/noticiasdestaque.com.br","push-errors":false,"_links":{"self":[{"href":"https:\/\/noticiasdestaque.com.br\/index.php\/wp-json\/wp\/v2\/posts\/37403","targetHints":{"allow":["GET"]}}],"collection":[{"href":"https:\/\/noticiasdestaque.com.br\/index.php\/wp-json\/wp\/v2\/posts"}],"about":[{"href":"https:\/\/noticiasdestaque.com.br\/index.php\/wp-json\/wp\/v2\/types\/post"}],"author":[{"embeddable":true,"href":"https:\/\/noticiasdestaque.com.br\/index.php\/wp-json\/wp\/v2\/users\/1"}],"replies":[{"embeddable":true,"href":"https:\/\/noticiasdestaque.com.br\/index.php\/wp-json\/wp\/v2\/comments?post=37403"}],"version-history":[{"count":0,"href":"https:\/\/noticiasdestaque.com.br\/index.php\/wp-json\/wp\/v2\/posts\/37403\/revisions"}],"wp:featuredmedia":[{"embeddable":true,"href":"https:\/\/noticiasdestaque.com.br\/index.php\/wp-json\/wp\/v2\/media\/37404"}],"wp:attachment":[{"href":"https:\/\/noticiasdestaque.com.br\/index.php\/wp-json\/wp\/v2\/media?parent=37403"}],"wp:term":[{"taxonomy":"category","embeddable":true,"href":"https:\/\/noticiasdestaque.com.br\/index.php\/wp-json\/wp\/v2\/categories?post=37403"},{"taxonomy":"post_tag","embeddable":true,"href":"https:\/\/noticiasdestaque.com.br\/index.php\/wp-json\/wp\/v2\/tags?post=37403"}],"curies":[{"name":"wp","href":"https:\/\/api.w.org\/{rel}","templated":true}]}}