{"id":37397,"date":"2024-08-27T03:00:00","date_gmt":"2024-08-27T06:00:00","guid":{"rendered":"https:\/\/noticiasdestaque.com.br\/index.php\/2024\/08\/27\/reforma-tributaria-fazenda-estima-iva-de-28-apos-inclusao-de-excecoes-no-texto\/"},"modified":"2024-08-27T03:00:00","modified_gmt":"2024-08-27T06:00:00","slug":"reforma-tributaria-fazenda-estima-iva-de-28-apos-inclusao-de-excecoes-no-texto","status":"publish","type":"post","link":"https:\/\/noticiasdestaque.com.br\/index.php\/2024\/08\/27\/reforma-tributaria-fazenda-estima-iva-de-28-apos-inclusao-de-excecoes-no-texto\/","title":{"rendered":"Reforma Tribut\u00e1ria: Fazenda estima IVA de 28% ap\u00f3s inclus\u00e3o de exce\u00e7\u00f5es no texto"},"content":{"rendered":"<p>\t\t\t\t\t\t\t\t\t\t<audio controls class=\"b61_audio_player\" data-noticia=\"74794\" src=\"https:\/\/brasil61.com\/rails\/active_storage\/blobs\/eyJfcmFpbHMiOnsibWVzc2FnZSI6IkJBaHBBNjMwQWc9PSIsImV4cCI6bnVsbCwicHVyIjoiYmxvYl9pZCJ9fQ==--9e8b6175b4d4d24690e9a39741caa6f4a8c625c2\/BRAS2412495B\"><\/audio><\/p>\n<p>A regulamenta\u00e7\u00e3o do que fica isento de imposto sobre valor agregado (IVA) na Reforma Tribut\u00e1ria ainda ser\u00e1 votada pelo Senado, mas s\u00f3 depois das elei\u00e7\u00f5es municipais. Enquanto isso, a equipe econ\u00f4mica do governo projeta nova al\u00edquota do imposto \u00fanico \u2014 que pode chegar a 28%. O aumento de 1,5% na al\u00edquota inicial prevista para 26,5%, tem motivos e pode ser colocada na conta das exce\u00e7\u00f5es.<\/p>\n<p>O advogado tributarista e s\u00f3cio do Murayama, Affonso Ferreira e Mota Advogados Janssen Murayama, d\u00e1 um exemplo pr\u00e1tico de como as exce\u00e7\u00f5es de \u00faltima hora influenciam no resultado final.<\/p>\n<p>\u201cO governo deu uma tributa\u00e7\u00e3o com o bolo com o tamanho de 26,5%. A\u00a0partir do momento em que a C\u00e2mara inclui mais exce\u00e7\u00f5es \u2014 como as isen\u00e7\u00f5es da cesta b\u00e1sica \u2014 voc\u00ea diminui o bolo e automaticamente tem que aumentar a al\u00edquota para o bolo voltar ao tamanho que tinha antes\u201d, analisa.<\/p>\n<p>O aumento de 1,5% na al\u00edquota inicial tem a ver com as dez altera\u00e7\u00f5es feitas pela C\u00e2mara no texto enviado pelo governo. A inclus\u00e3o da carne na cesta b\u00e1sica, e uma das mais pol\u00eamicas, isenta o item de impostos e representa o maior impacto entre as isen\u00e7\u00f5es. Ela, sozinha, representa um aumento de 0,56 ponto percentual do IVA.<br \/>\n\u201cAs empresas que est\u00e3o por traz da carne t\u00eam uma influ\u00eancia muito grande e mesmo que no Senado tentem tirar esse item das exce\u00e7\u00f5es, deve haver muita press\u00e3o para que ele seja mantido\u201d, avalia o especialista.\u00a0<\/p>\n<h2>Queijo, sal e&#8230;flores<\/h2>\n<p>Outros itens beneficiados e isentos de impostos que devem pesar na taxa\u00e7\u00e3o final do IVA s\u00e3o os queijos \u2014 que impactam em 0,13 ponto. Tem ainda sal, farinhas, \u00f3leos, plantas e flores, que, juntos, agregam mais 0,10 ponto.\u00a0<\/p>\n<h2>Contrapartida para a popula\u00e7\u00e3o<\/h2>\n<p>Num ranking de 170 pa\u00edses onde o IVA \u00e9 aplicado, a Hungria aparece no topo da lista \u2014 com o maior IVA do mundo \u2014 em 27%. Mas se as estimativas da Fazenda estiverem corretas, nosso imposto \u00fanico assumir\u00e1 o posto nada bem quisto. Se por um lado em pa\u00edses com IVA alto, como a Su\u00e9cia (25%), o imposto pago pelo contribuinte retorna em forma de servi\u00e7os \u00e0 popula\u00e7\u00e3o, no Brasil, a maior cr\u00edtica est\u00e1 justamente nesse sentido.<\/p>\n<p>Para Janssen, o assunto n\u00e3o \u00e9 novo, nem nasce com a Reforma Tribut\u00e1ria.<\/p>\n<p>\u201cAqui, a gente sempre teve essa discuss\u00e3o, j\u00e1 que a gente paga essa alta carga tribut\u00e1ria, mas pagamos tamb\u00e9m sa\u00fade, educa\u00e7\u00e3o, seguran\u00e7a, previd\u00eancia. L\u00e1 n\u00e3o, l\u00e1 a educa\u00e7\u00e3o e a sa\u00fade p\u00fablica s\u00e3o boas, voc\u00ea se aposenta com dinheiro suficiente para n\u00e3o precisar mais trabalhar. Existe efetivamente um retorno do servi\u00e7o p\u00fablico.\u201d<\/p>\n<p>Por isso o tributo no Brasil \u00e9 t\u00e3o detestado, analisa o especialista.<br \/>\n\u00a0<\/p>\n<p>\t\t\t\t\t\t\t\t\t<img loading=\"lazy\" decoding=\"async\" src=\"https:\/\/brasil61.com\/api\/v1\/serve_pixel\/17677\/74794\" alt=\"Pixel Brasil 61\" class=\"b61_pixel\" width=\"0\" height=\"0\"><\/p>\n<input type=\"hidden\" id=\"baseurl\" value=\"https:\/\/noticiasdestaque.com.br\"><input type=\"hidden\" id=\"audio_nonce\" value=\"6a24ca502e\">","protected":false},"excerpt":{"rendered":"<p>Inclus\u00e3o da carne na cesta b\u00e1sica teve o maior peso para aumento, que tamb\u00e9m ser\u00e1 puxado por benef\u00edcios para sal e queijos<\/p>\n","protected":false},"author":1,"featured_media":37398,"comment_status":"open","ping_status":"open","sticky":false,"template":"","format":"standard","meta":{"fifu_image_url":"","fifu_image_alt":"","footnotes":""},"categories":[59],"tags":[],"class_list":["post-37397","post","type-post","status-publish","format-standard","has-post-thumbnail","hentry","category-economia"],"distributor_meta":false,"distributor_terms":false,"distributor_media":false,"distributor_original_site_name":"Noticias em Destaque","distributor_original_site_url":"https:\/\/noticiasdestaque.com.br","push-errors":false,"_links":{"self":[{"href":"https:\/\/noticiasdestaque.com.br\/index.php\/wp-json\/wp\/v2\/posts\/37397","targetHints":{"allow":["GET"]}}],"collection":[{"href":"https:\/\/noticiasdestaque.com.br\/index.php\/wp-json\/wp\/v2\/posts"}],"about":[{"href":"https:\/\/noticiasdestaque.com.br\/index.php\/wp-json\/wp\/v2\/types\/post"}],"author":[{"embeddable":true,"href":"https:\/\/noticiasdestaque.com.br\/index.php\/wp-json\/wp\/v2\/users\/1"}],"replies":[{"embeddable":true,"href":"https:\/\/noticiasdestaque.com.br\/index.php\/wp-json\/wp\/v2\/comments?post=37397"}],"version-history":[{"count":0,"href":"https:\/\/noticiasdestaque.com.br\/index.php\/wp-json\/wp\/v2\/posts\/37397\/revisions"}],"wp:featuredmedia":[{"embeddable":true,"href":"https:\/\/noticiasdestaque.com.br\/index.php\/wp-json\/wp\/v2\/media\/37398"}],"wp:attachment":[{"href":"https:\/\/noticiasdestaque.com.br\/index.php\/wp-json\/wp\/v2\/media?parent=37397"}],"wp:term":[{"taxonomy":"category","embeddable":true,"href":"https:\/\/noticiasdestaque.com.br\/index.php\/wp-json\/wp\/v2\/categories?post=37397"},{"taxonomy":"post_tag","embeddable":true,"href":"https:\/\/noticiasdestaque.com.br\/index.php\/wp-json\/wp\/v2\/tags?post=37397"}],"curies":[{"name":"wp","href":"https:\/\/api.w.org\/{rel}","templated":true}]}}