{"id":37329,"date":"2024-08-25T18:00:00","date_gmt":"2024-08-25T21:00:00","guid":{"rendered":"https:\/\/noticiasdestaque.com.br\/index.php\/2024\/08\/25\/previsao-do-tempo-frente-fria-derruba-temperaturas-no-sul-do-pais\/"},"modified":"2024-08-25T18:00:00","modified_gmt":"2024-08-25T21:00:00","slug":"previsao-do-tempo-frente-fria-derruba-temperaturas-no-sul-do-pais","status":"publish","type":"post","link":"https:\/\/noticiasdestaque.com.br\/index.php\/2024\/08\/25\/previsao-do-tempo-frente-fria-derruba-temperaturas-no-sul-do-pais\/","title":{"rendered":"PREVIS\u00c3O DO TEMPO: Frente fria derruba temperaturas no Sul do pa\u00eds"},"content":{"rendered":"<p>\t\t\t\t\t\t\t\t\t\t<audio controls class=\"b61_audio_player\" data-noticia=\"74699\" src=\"https:\/\/brasil61.com\/rails\/active_storage\/blobs\/eyJfcmFpbHMiOnsibWVzc2FnZSI6IkJBaHBBMEQwQWc9PSIsImV4cCI6bnVsbCwicHVyIjoiYmxvYl9pZCJ9fQ==--37cad9116b237dc035a66d6b121a36c4324e9ded\/PTRS243658A\"><\/audio><\/p>\n<p>Uma frente fria que avan\u00e7a pelo Sul do Brasil desde o fim de semana mant\u00e9m temperaturas baixas em toda a regi\u00e3o. O frio continua nas serras ga\u00facha \u00a0e catarinense, onde nevou. As temperaturas negativas continuam nesta segunda-feira (26), com previs\u00e3o de mais neve para cidades como Cambar\u00e1 do Sul, onde a m\u00ednima pode chegar a um grau negativo.<\/p>\n<p>Bom Jesus e S\u00e3o Jos\u00e9 dos Ausentes, no Rio Grande do Sul, continuam com temperaturas baixas e h\u00e1 possibilidade de nevar. Curitiba, a capital mais gelada do pa\u00eds, apesar do tempo firme, tem possibilidade de geada e a temperatura a tarde n\u00e3o passa dos 15\u00baC, mas a m\u00ednima pode chegar a 1\u00baC.\u00a0<\/p>\n<p>As informa\u00e7\u00f5es s\u00e3o do Instituto Nacional de Meteorologia<br \/>\n\u00a0<\/p>\n<p>\t\t\t\t\t\t\t\t\t<img loading=\"lazy\" decoding=\"async\" src=\"https:\/\/brasil61.com\/api\/v1\/serve_pixel\/17677\/74699\" alt=\"Pixel Brasil 61\" class=\"b61_pixel\" width=\"0\" height=\"0\"><\/p>\n<input type=\"hidden\" id=\"baseurl\" value=\"https:\/\/noticiasdestaque.com.br\"><input type=\"hidden\" id=\"audio_nonce\" value=\"6a24ca502e\">","protected":false},"excerpt":{"rendered":"<p>Previs\u00e3o de neve em cidades da serra ga\u00facha e de Santa Catarina  <\/p>\n","protected":false},"author":1,"featured_media":37330,"comment_status":"open","ping_status":"open","sticky":false,"template":"","format":"standard","meta":{"fifu_image_url":"","fifu_image_alt":"","footnotes":""},"categories":[58],"tags":[],"class_list":["post-37329","post","type-post","status-publish","format-standard","has-post-thumbnail","hentry","category-cotidiano"],"distributor_meta":false,"distributor_terms":false,"distributor_media":false,"distributor_original_site_name":"Noticias em Destaque","distributor_original_site_url":"https:\/\/noticiasdestaque.com.br","push-errors":false,"_links":{"self":[{"href":"https:\/\/noticiasdestaque.com.br\/index.php\/wp-json\/wp\/v2\/posts\/37329","targetHints":{"allow":["GET"]}}],"collection":[{"href":"https:\/\/noticiasdestaque.com.br\/index.php\/wp-json\/wp\/v2\/posts"}],"about":[{"href":"https:\/\/noticiasdestaque.com.br\/index.php\/wp-json\/wp\/v2\/types\/post"}],"author":[{"embeddable":true,"href":"https:\/\/noticiasdestaque.com.br\/index.php\/wp-json\/wp\/v2\/users\/1"}],"replies":[{"embeddable":true,"href":"https:\/\/noticiasdestaque.com.br\/index.php\/wp-json\/wp\/v2\/comments?post=37329"}],"version-history":[{"count":0,"href":"https:\/\/noticiasdestaque.com.br\/index.php\/wp-json\/wp\/v2\/posts\/37329\/revisions"}],"wp:featuredmedia":[{"embeddable":true,"href":"https:\/\/noticiasdestaque.com.br\/index.php\/wp-json\/wp\/v2\/media\/37330"}],"wp:attachment":[{"href":"https:\/\/noticiasdestaque.com.br\/index.php\/wp-json\/wp\/v2\/media?parent=37329"}],"wp:term":[{"taxonomy":"category","embeddable":true,"href":"https:\/\/noticiasdestaque.com.br\/index.php\/wp-json\/wp\/v2\/categories?post=37329"},{"taxonomy":"post_tag","embeddable":true,"href":"https:\/\/noticiasdestaque.com.br\/index.php\/wp-json\/wp\/v2\/tags?post=37329"}],"curies":[{"name":"wp","href":"https:\/\/api.w.org\/{rel}","templated":true}]}}