{"id":37327,"date":"2024-08-25T18:00:00","date_gmt":"2024-08-25T21:00:00","guid":{"rendered":"https:\/\/noticiasdestaque.com.br\/index.php\/2024\/08\/25\/previsao-do-tempo-semana-comeca-com-tempo-firme-em-grande-parte-da-regiao-sudeste\/"},"modified":"2024-08-25T18:00:00","modified_gmt":"2024-08-25T21:00:00","slug":"previsao-do-tempo-semana-comeca-com-tempo-firme-em-grande-parte-da-regiao-sudeste","status":"publish","type":"post","link":"https:\/\/noticiasdestaque.com.br\/index.php\/2024\/08\/25\/previsao-do-tempo-semana-comeca-com-tempo-firme-em-grande-parte-da-regiao-sudeste\/","title":{"rendered":"PREVIS\u00c3O DO TEMPO: Semana come\u00e7a com tempo firme em grande parte da regi\u00e3o Sudeste"},"content":{"rendered":"<p>\t\t\t\t\t\t\t\t\t\t<audio controls class=\"b61_audio_player\" data-noticia=\"74698\" src=\"https:\/\/brasil61.com\/rails\/active_storage\/blobs\/eyJfcmFpbHMiOnsibWVzc2FnZSI6IkJBaHBBMEgwQWc9PSIsImV4cCI6bnVsbCwicHVyIjoiYmxvYl9pZCJ9fQ==--d41b37abd2e2b8c818972ab0d67332c96c66c102\/PTSD243766A\"><\/audio><\/p>\n<p>A semana come\u00e7a com previs\u00e3o de chuva em apenas dois estados do Sudeste. Em todo o estado do Rio de Janeiro, incluindo a capital fluminense, previs\u00e3o de uma segunda-feira (26) chuvosa com aumento do volume ao longo do dia. Esse tempo \u00famido e chuvoso se estende at\u00e9 o sul do Esp\u00edrito Santo. No norte do estado capixaba faz sol e n\u00e3o h\u00e1 previs\u00e3o de chuva em nenhum momento do dia.<\/p>\n<p>Em Minas Gerais, s\u00f3 h\u00e1 previs\u00e3o de aumento de nuvens na Zona da Mata mineira, com possibilidade de chuva. Em todo o estado de S\u00e3o Paulo,\u00a0h\u00e1 previs\u00e3o de tempo seco, ensolarado e com poucas nuvens no come\u00e7o da semana, onde tem queda de temperatura. As queimadas se tornaram um grande risco por conta da baixa umidade do ar, que se mant\u00e9m assim neste come\u00e7o de semana. A capital paulista tem m\u00ednima de 7\u00b0C e a m\u00e1xima n\u00e3o passa dos 17\u00baC. Rio de Janeiro tem temperaturas variando entre 14\u00b0C e 22\u00baC e Belo Horizonte entre 15\u00b0C e 24\u00baC.<\/p>\n<p>As informa\u00e7\u00f5es s\u00e3o do Instituto Nacional de Meteorologia<\/p>\n<p>\n\u00a0<\/p>\n<p>\t\t\t\t\t\t\t\t\t<img loading=\"lazy\" decoding=\"async\" src=\"https:\/\/brasil61.com\/api\/v1\/serve_pixel\/17677\/74698\" alt=\"Pixel Brasil 61\" class=\"b61_pixel\" width=\"0\" height=\"0\"><\/p>\n<input type=\"hidden\" id=\"baseurl\" value=\"https:\/\/noticiasdestaque.com.br\"><input type=\"hidden\" id=\"audio_nonce\" value=\"6a24ca502e\">","protected":false},"excerpt":{"rendered":"<p>Todo o estado fluminense e sul do Esp\u00edrito Santo t\u00eam previs\u00e3o de chuva. Minas Gerais segue com tempo seco e S\u00e3o Paulo tem tempo firme com temperaturas em decl\u00ednio<\/p>\n","protected":false},"author":1,"featured_media":37328,"comment_status":"open","ping_status":"open","sticky":false,"template":"","format":"standard","meta":{"fifu_image_url":"","fifu_image_alt":"","footnotes":""},"categories":[58],"tags":[],"class_list":["post-37327","post","type-post","status-publish","format-standard","has-post-thumbnail","hentry","category-cotidiano"],"distributor_meta":false,"distributor_terms":false,"distributor_media":false,"distributor_original_site_name":"Noticias em Destaque","distributor_original_site_url":"https:\/\/noticiasdestaque.com.br","push-errors":false,"_links":{"self":[{"href":"https:\/\/noticiasdestaque.com.br\/index.php\/wp-json\/wp\/v2\/posts\/37327","targetHints":{"allow":["GET"]}}],"collection":[{"href":"https:\/\/noticiasdestaque.com.br\/index.php\/wp-json\/wp\/v2\/posts"}],"about":[{"href":"https:\/\/noticiasdestaque.com.br\/index.php\/wp-json\/wp\/v2\/types\/post"}],"author":[{"embeddable":true,"href":"https:\/\/noticiasdestaque.com.br\/index.php\/wp-json\/wp\/v2\/users\/1"}],"replies":[{"embeddable":true,"href":"https:\/\/noticiasdestaque.com.br\/index.php\/wp-json\/wp\/v2\/comments?post=37327"}],"version-history":[{"count":0,"href":"https:\/\/noticiasdestaque.com.br\/index.php\/wp-json\/wp\/v2\/posts\/37327\/revisions"}],"wp:featuredmedia":[{"embeddable":true,"href":"https:\/\/noticiasdestaque.com.br\/index.php\/wp-json\/wp\/v2\/media\/37328"}],"wp:attachment":[{"href":"https:\/\/noticiasdestaque.com.br\/index.php\/wp-json\/wp\/v2\/media?parent=37327"}],"wp:term":[{"taxonomy":"category","embeddable":true,"href":"https:\/\/noticiasdestaque.com.br\/index.php\/wp-json\/wp\/v2\/categories?post=37327"},{"taxonomy":"post_tag","embeddable":true,"href":"https:\/\/noticiasdestaque.com.br\/index.php\/wp-json\/wp\/v2\/tags?post=37327"}],"curies":[{"name":"wp","href":"https:\/\/api.w.org\/{rel}","templated":true}]}}