{"id":37325,"date":"2024-08-25T18:00:00","date_gmt":"2024-08-25T21:00:00","guid":{"rendered":"https:\/\/noticiasdestaque.com.br\/index.php\/2024\/08\/25\/previsao-do-tempo-dias-continuam-quentes-e-secos-no-centro-oeste-2\/"},"modified":"2024-08-25T18:00:00","modified_gmt":"2024-08-25T21:00:00","slug":"previsao-do-tempo-dias-continuam-quentes-e-secos-no-centro-oeste-2","status":"publish","type":"post","link":"https:\/\/noticiasdestaque.com.br\/index.php\/2024\/08\/25\/previsao-do-tempo-dias-continuam-quentes-e-secos-no-centro-oeste-2\/","title":{"rendered":"PREVIS\u00c3O DO TEMPO: dias continuam quentes e secos no Centro-Oeste"},"content":{"rendered":"<p>\t\t\t\t\t\t\t\t\t\t<audio controls class=\"b61_audio_player\" data-noticia=\"74697\" src=\"https:\/\/brasil61.com\/rails\/active_storage\/blobs\/eyJfcmFpbHMiOnsibWVzc2FnZSI6IkJBaHBBMEwwQWc9PSIsImV4cCI6bnVsbCwicHVyIjoiYmxvYl9pZCJ9fQ==--2523fb338d77d280d4919df0808fca5993feeeaf\/PTCO243778A\"><\/audio><\/p>\n<p>Tempo seco e quente, caracter\u00edstico desta \u00e9poca do ano, deve predominar em toda a regi\u00e3o Centro-Oeste. A previs\u00e3o do Instituto Nacional de Meteorologia, o Inmet, para esta segunda-feira (26), \u00e9 de sol com altas temperaturas durante o dia e grande amplitude t\u00e9rmica \u2014 j\u00e1 que os term\u00f4metros devem variar muito entre as madrugadas mais frescas e os dias mais quentes. N\u00e3o h\u00e1 previs\u00e3o de chuva em nenhum dos estados do Centro-Oeste. Em algumas cidades, como Bras\u00edlia (DF), j\u00e1 s\u00e3o mais de 130 dias sem chuva.<\/p>\n<p>O Inmet emitiu um alerta de perigo potencial por conta da baixa umidade para todos os estados da regi\u00e3o Centro-Oeste. Nessa regi\u00e3o, a umidade do ar pode variar entre 30% e 10%.\u00a0<\/p>\n<p>Os term\u00f4metros podem chegar aos 31\u00b0C, em Cuiab\u00e1 (MT), mas a capital mato-grossense tem m\u00ednima prevista de 13\u00baC. Em Campo Grande, as temperaturas variam entre 8\u00baC e 25\u00baC.\u00a0<\/p>\n<p>M\u00ednimas de 14\u00b0C, em Goi\u00e2nia (GO) \u2014 e 16\u00b0C, em Bras\u00edlia (DF).<\/p>\n<p>As informa\u00e7\u00f5es s\u00e3o do Instituto Nacional de Meteorologia<\/p>\n<p>\n\u00a0<\/p>\n<p>\t\t\t\t\t\t\t\t\t<img loading=\"lazy\" decoding=\"async\" src=\"https:\/\/brasil61.com\/api\/v1\/serve_pixel\/17677\/74697\" alt=\"Pixel Brasil 61\" class=\"b61_pixel\" width=\"0\" height=\"0\"><\/p>\n<input type=\"hidden\" id=\"baseurl\" value=\"https:\/\/noticiasdestaque.com.br\"><input type=\"hidden\" id=\"audio_nonce\" value=\"6a24ca502e\">","protected":false},"excerpt":{"rendered":"<p>Com mais de 130 dias de seca, Inmet alerta para perigo de baixa umidade, que pode cair a 10%<\/p>\n","protected":false},"author":1,"featured_media":37326,"comment_status":"open","ping_status":"open","sticky":false,"template":"","format":"standard","meta":{"fifu_image_url":"","fifu_image_alt":"","footnotes":""},"categories":[58],"tags":[],"class_list":["post-37325","post","type-post","status-publish","format-standard","has-post-thumbnail","hentry","category-cotidiano"],"distributor_meta":false,"distributor_terms":false,"distributor_media":false,"distributor_original_site_name":"Noticias em Destaque","distributor_original_site_url":"https:\/\/noticiasdestaque.com.br","push-errors":false,"_links":{"self":[{"href":"https:\/\/noticiasdestaque.com.br\/index.php\/wp-json\/wp\/v2\/posts\/37325","targetHints":{"allow":["GET"]}}],"collection":[{"href":"https:\/\/noticiasdestaque.com.br\/index.php\/wp-json\/wp\/v2\/posts"}],"about":[{"href":"https:\/\/noticiasdestaque.com.br\/index.php\/wp-json\/wp\/v2\/types\/post"}],"author":[{"embeddable":true,"href":"https:\/\/noticiasdestaque.com.br\/index.php\/wp-json\/wp\/v2\/users\/1"}],"replies":[{"embeddable":true,"href":"https:\/\/noticiasdestaque.com.br\/index.php\/wp-json\/wp\/v2\/comments?post=37325"}],"version-history":[{"count":0,"href":"https:\/\/noticiasdestaque.com.br\/index.php\/wp-json\/wp\/v2\/posts\/37325\/revisions"}],"wp:featuredmedia":[{"embeddable":true,"href":"https:\/\/noticiasdestaque.com.br\/index.php\/wp-json\/wp\/v2\/media\/37326"}],"wp:attachment":[{"href":"https:\/\/noticiasdestaque.com.br\/index.php\/wp-json\/wp\/v2\/media?parent=37325"}],"wp:term":[{"taxonomy":"category","embeddable":true,"href":"https:\/\/noticiasdestaque.com.br\/index.php\/wp-json\/wp\/v2\/categories?post=37325"},{"taxonomy":"post_tag","embeddable":true,"href":"https:\/\/noticiasdestaque.com.br\/index.php\/wp-json\/wp\/v2\/tags?post=37325"}],"curies":[{"name":"wp","href":"https:\/\/api.w.org\/{rel}","templated":true}]}}