{"id":37323,"date":"2024-08-25T18:00:00","date_gmt":"2024-08-25T21:00:00","guid":{"rendered":"https:\/\/noticiasdestaque.com.br\/index.php\/2024\/08\/25\/previsao-do-tempo-semana-comeca-com-tempo-firme-e-sem-chuva-em-todo-o-nordeste\/"},"modified":"2024-08-25T18:00:00","modified_gmt":"2024-08-25T21:00:00","slug":"previsao-do-tempo-semana-comeca-com-tempo-firme-e-sem-chuva-em-todo-o-nordeste","status":"publish","type":"post","link":"https:\/\/noticiasdestaque.com.br\/index.php\/2024\/08\/25\/previsao-do-tempo-semana-comeca-com-tempo-firme-e-sem-chuva-em-todo-o-nordeste\/","title":{"rendered":"PREVIS\u00c3O DO TEMPO: Semana come\u00e7a com tempo firme e sem chuva em todo o Nordeste"},"content":{"rendered":"<p>\t\t\t\t\t\t\t\t\t\t<audio controls class=\"b61_audio_player\" data-noticia=\"74696\" src=\"https:\/\/brasil61.com\/rails\/active_storage\/blobs\/eyJfcmFpbHMiOnsibWVzc2FnZSI6IkJBaHBBMFAwQWc9PSIsImV4cCI6bnVsbCwicHVyIjoiYmxvYl9pZCJ9fQ==--7b674fc2d483d57cc3d8f092b386687dd18b8863\/PTND244313A\"><\/audio><\/p>\n<p>O in\u00edcio da semana ser\u00e1 marcado por tempo seco e muito calor em toda a regi\u00e3o Nordeste do pa\u00eds, sobretudo na faixa que vai do sul da Bahia at\u00e9 o Maranh\u00e3o. H\u00e1 alerta do Instituto Nacional de Meteorologia para baixa umidade, na faixa que vai do centro-oeste da Bahia, passando pelo Piau\u00ed e interior do Cear\u00e1. \u00a0<\/p>\n<p>Em toda a regi\u00e3o, a \u00fanica localidade que tem previs\u00e3o de chuva na manh\u00e3 desta\u00a0segunda-feira (26) \u00e9 Salvador e regi\u00e3o metropolitana, onde a temperatura varia entre 21\u00ba e 28\u00baC. Teresina (PI) tem 38\u00baC de m\u00e1xima e S\u00e3o Luiz 32\u00baC. J\u00e1 em Natal, a m\u00ednima fica em 22\u00baC;\u00a025\u00baC em Recife e 23\u00baC de m\u00ednima em Aracaju (SE).\u00a0<\/p>\n<p>As informa\u00e7\u00f5es s\u00e3o do Instituto Nacional de Meteorologia<br \/>\n\u00a0<\/p>\n<p>\t\t\t\t\t\t\t\t\t<img loading=\"lazy\" decoding=\"async\" src=\"https:\/\/brasil61.com\/api\/v1\/serve_pixel\/17677\/74696\" alt=\"Pixel Brasil 61\" class=\"b61_pixel\" width=\"0\" height=\"0\"><\/p>\n<input type=\"hidden\" id=\"baseurl\" value=\"https:\/\/noticiasdestaque.com.br\"><input type=\"hidden\" id=\"audio_nonce\" value=\"6a24ca502e\">","protected":false},"excerpt":{"rendered":"<p>Inmet alerta para perigo potencial de baixa umidade em todo o interior do Nordeste, com umidade podendo cair a 20%<\/p>\n","protected":false},"author":1,"featured_media":37324,"comment_status":"open","ping_status":"open","sticky":false,"template":"","format":"standard","meta":{"fifu_image_url":"","fifu_image_alt":"","footnotes":""},"categories":[58],"tags":[],"class_list":["post-37323","post","type-post","status-publish","format-standard","has-post-thumbnail","hentry","category-cotidiano"],"distributor_meta":false,"distributor_terms":false,"distributor_media":false,"distributor_original_site_name":"Noticias em Destaque","distributor_original_site_url":"https:\/\/noticiasdestaque.com.br","push-errors":false,"_links":{"self":[{"href":"https:\/\/noticiasdestaque.com.br\/index.php\/wp-json\/wp\/v2\/posts\/37323","targetHints":{"allow":["GET"]}}],"collection":[{"href":"https:\/\/noticiasdestaque.com.br\/index.php\/wp-json\/wp\/v2\/posts"}],"about":[{"href":"https:\/\/noticiasdestaque.com.br\/index.php\/wp-json\/wp\/v2\/types\/post"}],"author":[{"embeddable":true,"href":"https:\/\/noticiasdestaque.com.br\/index.php\/wp-json\/wp\/v2\/users\/1"}],"replies":[{"embeddable":true,"href":"https:\/\/noticiasdestaque.com.br\/index.php\/wp-json\/wp\/v2\/comments?post=37323"}],"version-history":[{"count":0,"href":"https:\/\/noticiasdestaque.com.br\/index.php\/wp-json\/wp\/v2\/posts\/37323\/revisions"}],"wp:featuredmedia":[{"embeddable":true,"href":"https:\/\/noticiasdestaque.com.br\/index.php\/wp-json\/wp\/v2\/media\/37324"}],"wp:attachment":[{"href":"https:\/\/noticiasdestaque.com.br\/index.php\/wp-json\/wp\/v2\/media?parent=37323"}],"wp:term":[{"taxonomy":"category","embeddable":true,"href":"https:\/\/noticiasdestaque.com.br\/index.php\/wp-json\/wp\/v2\/categories?post=37323"},{"taxonomy":"post_tag","embeddable":true,"href":"https:\/\/noticiasdestaque.com.br\/index.php\/wp-json\/wp\/v2\/tags?post=37323"}],"curies":[{"name":"wp","href":"https:\/\/api.w.org\/{rel}","templated":true}]}}