{"id":37321,"date":"2024-08-25T18:00:00","date_gmt":"2024-08-25T21:00:00","guid":{"rendered":"https:\/\/noticiasdestaque.com.br\/index.php\/2024\/08\/25\/previsao-do-tempo-norte-comeca-a-semana-com-tempo-seco\/"},"modified":"2024-08-25T18:00:00","modified_gmt":"2024-08-25T21:00:00","slug":"previsao-do-tempo-norte-comeca-a-semana-com-tempo-seco","status":"publish","type":"post","link":"https:\/\/noticiasdestaque.com.br\/index.php\/2024\/08\/25\/previsao-do-tempo-norte-comeca-a-semana-com-tempo-seco\/","title":{"rendered":"PREVIS\u00c3O DO TEMPO: Norte come\u00e7a a semana com tempo seco"},"content":{"rendered":"<p>\t\t\t\t\t\t\t\t\t\t<audio controls class=\"b61_audio_player\" data-noticia=\"74663\" src=\"https:\/\/brasil61.com\/rails\/active_storage\/blobs\/eyJfcmFpbHMiOnsibWVzc2FnZSI6IkJBaHBBMFQwQWc9PSIsImV4cCI6bnVsbCwicHVyIjoiYmxvYl9pZCJ9fQ==--301562ef9f21d642d9dd05c15769e6dfda5aafa2\/PTRN244094A\"><\/audio><\/p>\n<p>A semana come\u00e7a com previs\u00e3o de chuva apenas numa pequena faixa no noroeste do Amazonas, al\u00e9m dos estados de Roraima e Amap\u00e1. Segundo o Instituto Nacional de Meteorologia, a previs\u00e3o \u00e9 de tempo seco e firme, sem previs\u00e3o de chuva para os demais estados. No Acre, Par\u00e1 e Rond\u00f4nia faz sol e calor nesta segunda-feira (26) e a umidade do ar nestes estados fica baixa.\u00a0<\/p>\n<p>O Inmet j\u00e1 emitiu alerta de baixa umidade do ar da para todo o estado de Tocantins e para o sul do Par\u00e1, onde a umidade varia entre 30% e 20%, mas com baixo risco de inc\u00eandios florais.\u00a0<\/p>\n<p>A chuva prevista para S\u00e3o Gabriel da Cachoeira (AM) n\u00e3o reduz o calor e as temperaturas podem variar entre 21\u00b0C e 32\u00baC, onde o tempo fica seco. Na capital do Tocantins, Palmas, h\u00e1 previs\u00e3o de n\u00e9voa seca e a temperatura fica entre 24\u00baC e 37\u00baC. Bel\u00e9m (PA) tamb\u00e9m tem m\u00ednima de 24\u00baC e a m\u00e1xima pode chegar aos 35\u00baC.<\/p>\n<p>As informa\u00e7\u00f5es s\u00e3o do Instituto Nacional de Meteorologia<\/p>\n<p>L\u00edvia Braz, o tempo e a temperatura.<br \/>\n\u00a0<\/p>\n<p>\t\t\t\t\t\t\t\t\t<img loading=\"lazy\" decoding=\"async\" src=\"https:\/\/brasil61.com\/api\/v1\/serve_pixel\/17677\/74663\" alt=\"Pixel Brasil 61\" class=\"b61_pixel\" width=\"0\" height=\"0\"><\/p>\n<input type=\"hidden\" id=\"baseurl\" value=\"https:\/\/noticiasdestaque.com.br\"><input type=\"hidden\" id=\"audio_nonce\" value=\"581f3017e1\">","protected":false},"excerpt":{"rendered":"<p>Chuva prevista apenas para noroeste do Amazonas, Roraima e Amap\u00e1 <\/p>\n","protected":false},"author":1,"featured_media":37322,"comment_status":"open","ping_status":"open","sticky":false,"template":"","format":"standard","meta":{"fifu_image_url":"","fifu_image_alt":"","footnotes":""},"categories":[58],"tags":[],"class_list":["post-37321","post","type-post","status-publish","format-standard","has-post-thumbnail","hentry","category-cotidiano"],"distributor_meta":false,"distributor_terms":false,"distributor_media":false,"distributor_original_site_name":"Noticias em Destaque","distributor_original_site_url":"https:\/\/noticiasdestaque.com.br","push-errors":false,"_links":{"self":[{"href":"https:\/\/noticiasdestaque.com.br\/index.php\/wp-json\/wp\/v2\/posts\/37321","targetHints":{"allow":["GET"]}}],"collection":[{"href":"https:\/\/noticiasdestaque.com.br\/index.php\/wp-json\/wp\/v2\/posts"}],"about":[{"href":"https:\/\/noticiasdestaque.com.br\/index.php\/wp-json\/wp\/v2\/types\/post"}],"author":[{"embeddable":true,"href":"https:\/\/noticiasdestaque.com.br\/index.php\/wp-json\/wp\/v2\/users\/1"}],"replies":[{"embeddable":true,"href":"https:\/\/noticiasdestaque.com.br\/index.php\/wp-json\/wp\/v2\/comments?post=37321"}],"version-history":[{"count":0,"href":"https:\/\/noticiasdestaque.com.br\/index.php\/wp-json\/wp\/v2\/posts\/37321\/revisions"}],"wp:featuredmedia":[{"embeddable":true,"href":"https:\/\/noticiasdestaque.com.br\/index.php\/wp-json\/wp\/v2\/media\/37322"}],"wp:attachment":[{"href":"https:\/\/noticiasdestaque.com.br\/index.php\/wp-json\/wp\/v2\/media?parent=37321"}],"wp:term":[{"taxonomy":"category","embeddable":true,"href":"https:\/\/noticiasdestaque.com.br\/index.php\/wp-json\/wp\/v2\/categories?post=37321"},{"taxonomy":"post_tag","embeddable":true,"href":"https:\/\/noticiasdestaque.com.br\/index.php\/wp-json\/wp\/v2\/tags?post=37321"}],"curies":[{"name":"wp","href":"https:\/\/api.w.org\/{rel}","templated":true}]}}