{"id":37318,"date":"2024-08-26T09:49:00","date_gmt":"2024-08-26T09:49:00","guid":{"rendered":"https:\/\/noticiasdestaque.com.br\/index.php\/2024\/08\/26\/fies-inscricoes-para-vagas-do-segundo-semestre-terminam-nesta-terca\/"},"modified":"2024-08-26T09:49:00","modified_gmt":"2024-08-26T09:49:00","slug":"fies-inscricoes-para-vagas-do-segundo-semestre-terminam-nesta-terca","status":"publish","type":"post","link":"https:\/\/noticiasdestaque.com.br\/index.php\/2024\/08\/26\/fies-inscricoes-para-vagas-do-segundo-semestre-terminam-nesta-terca\/","title":{"rendered":"Fies: inscri\u00e7\u00f5es para vagas do segundo semestre terminam nesta ter\u00e7a"},"content":{"rendered":"<style> bloco.meta {font-style: italic; color: #666;font-weight: 600;font-size: .8em; \/* line-height: .3em; *\/}  text h2 { font-weight: 700 !important;  color: #062f46 !important;} text img { width: none; left: none;}<\/style>\n<\/p>\n<p>As inscri\u00e7\u00f5es de candidatos interessados em participar do processo seletivo do Fundo de Financiamento Estudantil (Fies) referente ao segundo semestre de 2024 terminam \u00e0s 23 horas e 59 minutos desta nesta ter\u00e7a-feira (27), observado o hor\u00e1rio oficial de Bras\u00edlia. O programa federal concede financiamento a estudantes de cursos de gradua\u00e7\u00e3o em institui\u00e7\u00f5es de educa\u00e7\u00e3o superior privadas.<aimg src=\"https:\/\/aagenciabrasil.ebc.com.br\/ebc.apng?id=1609290 o=node\" style=\"width:1px; height:1px; display:inline;\"><\/aimg><aimg src=\"https:\/\/aagenciabrasil.ebc.com.br\/ebc.agif?id=1609290 o=node\" style=\"width:1px; height:1px; display:inline;\"><\/aimg><\/p>\n<p>Para a segunda edi\u00e7\u00e3o, o Minist\u00e9rio da Educa\u00e7\u00e3o (MEC) oferece 70 mil vagas. Ao todo, s\u00e3o mais de 112 mil para todo o ano.<\/p>\n<h2>Passo a passo<\/h2>\n<p>As inscri\u00e7\u00f5es s\u00e3o gratuitas e devem ser feitas no <a href=\"https:\/\/fiesselecaoaluno.mec.gov.br\/usuario-login\" target=\"_blank\">Portal \u00danico de Acesso ao ensino Superior, na parte do Fies Sele\u00e7\u00e3o<\/a>, com login pela conta do portal de servi\u00e7os digitais do governo federal, o <a href=\"https:\/\/sso.acesso.gov.br\/login?client_id=fiesselecaoaluno.mec.gov.br amp;authorization_id=1918eae300a\" target=\"_blank\">Gov.Br<\/a>, com o n\u00famero de Cadastro de Pessoa F\u00edsica (CPF) e a senha. O primeiro passo \u00e9 preencher os campos com os dados pessoais.<\/p>\n<p>A novidade, a partir desta edi\u00e7\u00e3o, \u00e9 que o Fies oferece reserva de vagas para cotistas para beneficiar candidatos negros (pretos e pardos), ind\u00edgenas e quilombolas, al\u00e9m de pessoas com defici\u00eancia (PCD). Pela primeira vez, os estudantes com esses perfis devem fazer a autodeclara\u00e7\u00e3o do seu perfil \u00e9tnico-racial e optar por concorrer para as vagas reservadas, ao preencher a sua escolaridade e declarar que est\u00e1 ciente dos dados fornecidos.<\/p>\n<p>Ap\u00f3s essa etapa, o candidato dever\u00e1 selecionar at\u00e9 tr\u00eas op\u00e7\u00f5es de curso, indicando a ordem de prefer\u00eancia. No momento da sele\u00e7\u00e3o, o candidato deve preencher o estado, munic\u00edpio e curso pretendidos para cada uma das op\u00e7\u00f5es de curso. Nesse momento, o estudante ter\u00e1 informa\u00e7\u00f5es sobre mensalidades para o Fies do curso escolhido.<\/p>\n<p>O candidato ser\u00e1 avisado, caso o valor por semestre do curso escolhido ultrapasse o m\u00e1ximo do financiamento permitido pelo programa, de R$ 60 mil para medicina e R$ 42.983,70 para os demais cursos. Se o estudante confirmar a escolha, estar\u00e1 ciente de que o valor excedente desse limite \u00e9 de sua responsabilidade.<\/p>\n<p>Por fim, os interessados devem preencher seus dados financeiros e os da sua fam\u00edlia. Uma das condi\u00e7\u00f5es que o candidato deve cumprir \u00e9 ter renda familiar mensal bruta per capita de at\u00e9 tr\u00eas sal\u00e1rios m\u00ednimos (R$ 4.236).<\/p>\n<p>O <a href=\"https:\/\/www.youtube.com\/watch?v=JKYik5eRGAA amp;t=14s\" target=\"_blank\">MEC disponibilizou um v\u00eddeo<\/a> com o passo a passo da inscri\u00e7\u00e3o no Fies. <\/p>\n<h2>Condi\u00e7\u00f5es<\/h2>\n<p>Al\u00e9m da renda familiar, para participar da sele\u00e7\u00e3o o estudante deve ter participado do Exame Nacional do Ensino M\u00e9dio (Enem) a partir da edi\u00e7\u00e3o de 2010, com nota v\u00e1lida at\u00e9 a abertura das inscri\u00e7\u00f5es; ter obtido m\u00e9dia aritm\u00e9tica das notas nas cinco provas igual ou superior a 450 pontos; e n\u00e3o ter tirado nota zero na prova de reda\u00e7\u00e3o.<\/p>\n<p>Por\u00e9m, o candidato n\u00e3o pode ter participado do Enem na condi\u00e7\u00e3o de treineiro, que \u00e9 aquele que faz o exame para uma autoavalia\u00e7\u00e3o.<\/p>\n<p>De acordo com o <a href=\"http:\/\/http:\/\/portalfies.mec.gov.br\/arquivos\/edital_n_26_20082024.pdf\" target=\"_blank\">edital referente ao segundo semestre de 2024<\/a>, n\u00e3o poder\u00e3o participar da sele\u00e7\u00e3o do programa aqueles candidatos que n\u00e3o tiverem quitado um financiamento anterior pelo Fies ou pelo Programa de Cr\u00e9dito Educativo; ou aqueles estudantes contemplados por outro financiamento em outro curso de gradua\u00e7\u00e3o.<\/p>\n<h2>Cronograma<\/h2>\n<p>O resultado do processo seletivo ser\u00e1 divulgado no dia 9 de setembro. Os pr\u00e9-selecionados dever\u00e3o complementar a inscri\u00e7\u00e3o entre os dias 10 a 12 de setembro.<\/p>\n<p>Se ainda houver vagas n\u00e3o ocupadas, o MEC poder\u00e1 realizar novas convoca\u00e7\u00f5es por meio da lista de espera para preenchimento de vagas, entre 16 de setembro e 29 de outubro.<\/p>\n<p>E nesse caso, de acordo com o calend\u00e1rio desta nova edi\u00e7\u00e3o, a complementa\u00e7\u00e3o da inscri\u00e7\u00e3o dos pr\u00e9-selecionados em lista de espera dever\u00e1 ser feita em at\u00e9 3 dias \u00fateis ap\u00f3s a data da convoca\u00e7\u00e3o, na p\u00e1gina do Fies.<\/p>\n<h2>Fies Social<\/h2>\n<p>Assim como no \u00faltimo semestre, o Fies Social vai reservar 50% das vagas para os candidatos com renda familiar per capita de at\u00e9 meio sal\u00e1rio m\u00ednimo (R$ 706), inscritos no Cadastro \u00danico para Programas Sociais do Governo Federal, o Cad\u00danico.<\/p>\n<p>O cadastro deve ter sido atualizado dentro do prazo exigido no edital. Para essas pessoas, tamb\u00e9m ser\u00e1 poss\u00edvel solicitar a contrata\u00e7\u00e3o do financiamento de at\u00e9 100% dos encargos educacionais.<\/p>\n<p>O\u202fFies\u202fSocial, institu\u00eddo pela <a href=\"https:\/\/www.gov.br\/fnde\/pt-br\/acesso-a-informacao\/legislacao\/resolucoes\/2024\/resolucao-no-58-de-8-de-fevereiro-de-2024-resolucao-no-58-de-8-de-fevereiro-de-2024-dou-imprensa-nacional.pdf\" target=\"_blank\">Resolu\u00e7\u00e3o n\u00ba 58\/2024<\/a>, tem o objetivo de atender \u00e0s\u202fnecessidades de estudantes de baixa renda.<\/p>\n<p class=\"alt-font font-italic my-2 small text-info\">\n                                                Edi\u00e7\u00e3o:   Fernando Fraga                    <\/p>\n<p>            <!-- blog End --><\/p>\n<p>            <!-- tag and share --><\/p>\n<p> Fonte: EBC <\/p>\n<input type=\"hidden\" id=\"baseurl\" value=\"https:\/\/noticiasdestaque.com.br\"><input type=\"hidden\" id=\"audio_nonce\" value=\"6f73a554f1\">","protected":false},"excerpt":{"rendered":"<p>A partir desta edi\u00e7\u00e3o, fundo oferece reserva de vagas para cotistas<\/p>\n","protected":false},"author":1,"featured_media":37320,"comment_status":"open","ping_status":"open","sticky":false,"template":"","format":"standard","meta":{"fifu_image_url":"","fifu_image_alt":"","footnotes":""},"categories":[1],"tags":[174],"class_list":["post-37318","post","type-post","status-publish","format-standard","has-post-thumbnail","hentry","category-uncategorized","tag-internacao-para-alcoolatras"],"distributor_meta":false,"distributor_terms":false,"distributor_media":false,"distributor_original_site_name":"Noticias em Destaque","distributor_original_site_url":"https:\/\/noticiasdestaque.com.br","push-errors":false,"_links":{"self":[{"href":"https:\/\/noticiasdestaque.com.br\/index.php\/wp-json\/wp\/v2\/posts\/37318","targetHints":{"allow":["GET"]}}],"collection":[{"href":"https:\/\/noticiasdestaque.com.br\/index.php\/wp-json\/wp\/v2\/posts"}],"about":[{"href":"https:\/\/noticiasdestaque.com.br\/index.php\/wp-json\/wp\/v2\/types\/post"}],"author":[{"embeddable":true,"href":"https:\/\/noticiasdestaque.com.br\/index.php\/wp-json\/wp\/v2\/users\/1"}],"replies":[{"embeddable":true,"href":"https:\/\/noticiasdestaque.com.br\/index.php\/wp-json\/wp\/v2\/comments?post=37318"}],"version-history":[{"count":1,"href":"https:\/\/noticiasdestaque.com.br\/index.php\/wp-json\/wp\/v2\/posts\/37318\/revisions"}],"predecessor-version":[{"id":37319,"href":"https:\/\/noticiasdestaque.com.br\/index.php\/wp-json\/wp\/v2\/posts\/37318\/revisions\/37319"}],"wp:featuredmedia":[{"embeddable":true,"href":"https:\/\/noticiasdestaque.com.br\/index.php\/wp-json\/wp\/v2\/media\/37320"}],"wp:attachment":[{"href":"https:\/\/noticiasdestaque.com.br\/index.php\/wp-json\/wp\/v2\/media?parent=37318"}],"wp:term":[{"taxonomy":"category","embeddable":true,"href":"https:\/\/noticiasdestaque.com.br\/index.php\/wp-json\/wp\/v2\/categories?post=37318"},{"taxonomy":"post_tag","embeddable":true,"href":"https:\/\/noticiasdestaque.com.br\/index.php\/wp-json\/wp\/v2\/tags?post=37318"}],"curies":[{"name":"wp","href":"https:\/\/api.w.org\/{rel}","templated":true}]}}