{"id":16292,"date":"2024-08-23T03:00:00","date_gmt":"2024-08-23T06:00:00","guid":{"rendered":"https:\/\/noticiasdestaque.com.br\/index.php\/2024\/08\/23\/ficha-limpa-projeto-pode-reduzir-prazo-de-inelegibilidade\/"},"modified":"2024-08-23T03:00:00","modified_gmt":"2024-08-23T06:00:00","slug":"ficha-limpa-projeto-pode-reduzir-prazo-de-inelegibilidade","status":"publish","type":"post","link":"https:\/\/noticiasdestaque.com.br\/index.php\/2024\/08\/23\/ficha-limpa-projeto-pode-reduzir-prazo-de-inelegibilidade\/","title":{"rendered":"Ficha Limpa: projeto pode reduzir prazo de inelegibilidade"},"content":{"rendered":"<p>\t\t\t\t\t\t\t\t\t\t<audio controls class=\"b61_audio_player\" data-noticia=\"74474\" src=\"https:\/\/brasil61.com\/rails\/active_storage\/blobs\/eyJfcmFpbHMiOnsibWVzc2FnZSI6IkJBaHBBeHp6QWc9PSIsImV4cCI6bnVsbCwicHVyIjoiYmxvYl9pZCJ9fQ==--52dc61105b3bfc58fbc6dd6736c3b3ea2a872812\/BRAS2412474A\"><\/audio><\/p>\n<p>Foi uma aprova\u00e7\u00e3o simb\u00f3lica, sem registro nominal dos votantes, mas fato \u00e9 que o relat\u00f3rio do <a href=\"https:\/\/www25.senado.leg.br\/web\/atividade\/materias\/-\/materia\/160067\">Projeto de Lei Complementar n\u00ba 192\/2023<\/a> passou pela Comiss\u00e3o de Constitui\u00e7\u00e3o e Justi\u00e7a do Senado e prev\u00ea a redu\u00e7\u00e3o do prazo de inelegibilidade dos pol\u00edticos definido pela lei da Ficha Limpa.\u00a0<\/p>\n<p>Segundo o texto aprovado, os pol\u00edticos cassados e condenados n\u00e3o poder\u00e3o se eleger por oito anos a partir da condena\u00e7\u00e3o em segunda inst\u00e2ncia. A proposta estabelece ainda que o per\u00edodo m\u00e1ximo de inelegibilidade n\u00e3o poder\u00e1 ultrapassar 12 anos. Hoje, o prazo de inelegibilidade \u00e9 contado a partir do final da pena ou do mandato do pol\u00edtico.<\/p>\n<p>Para o relator da proposta, senador Weverton Rocha (PDT-MA), n\u00e3o trata-se de uma mudan\u00e7a.\u00a0<\/p>\n<p>\u201cEsse projeto que acabou de ser aprovado corrige uma pequena distor\u00e7\u00e3o de um projeto que n\u00f3s aprovamos chamado Lei da Ficha Limpa l\u00e1 atr\u00e1s. Houve muita m\u00e1 f\u00e9 de alguns setores que desinformam a popula\u00e7\u00e3o, que n\u00f3s estamos querendo facilitar a volta ou a vinda de pessoas que s\u00e3o ficha suja para a pol\u00edtica, mas isso n\u00e3o \u00e9 verdade. \u00c9 hipocrisia a gente falar em pena perp\u00e9tua para quem cometeu algum tipo de erro no Brasil.\u201d<\/p>\n<p>Na mesma sess\u00e3o ainda foi aprovada a tramita\u00e7\u00e3o em regime de urg\u00eancia do texto, que segue agora para vota\u00e7\u00e3o em plen\u00e1rio.<\/p>\n<h2>N\u00e3o deve passar<\/h2>\n<p>Com uma popula\u00e7\u00e3o cada vez mais descrente da idoneidade do corpo pol\u00edtico brasileiro, o cientista pol\u00edtico Nau\u00ea Bernardo explica que, para quevum projeto como esse ande, \u00e9 necess\u00e1rio que haja um apelo popular \u2014 o que n\u00e3o existe neste momento. Por isso, o especialista n\u00e3o acredita na aprova\u00e7\u00e3o do texto. Sobre a Lei da Ficha Limpa, Bernardo pondera.<\/p>\n<p>\u201cO prazo de inelegibilidade \u00e9 uma puni\u00e7\u00e3o que sempre foi cercada de muita pol\u00eamica, porque muitas vezes\u00a0impede que a pessoa condenada consiga, efetivamente, voltar \u00e0 cena pol\u00edtica mesmo ap\u00f3s a reabilita\u00e7\u00e3o, uma vez que a pol\u00edtica \u00e9 composta desses movimentos moment\u00e2neos que dependem muito da pessoa estar no lugar certo na hora certa. Ent\u00e3o, por ser um ponto pol\u00eamico, \u00e9 natural que em determinados momentos hist\u00f3ricos voc\u00ea tenha aprova\u00e7\u00e3o de projetos de lei que acabam mexendo nisso.\u201d<\/p>\n<p>O projeto ainda n\u00e3o tem data para ser votado em plen\u00e1rio.\u00a0<br \/>\n\u00a0<\/p>\n<p>\t\t\t\t\t\t\t\t\t<img loading=\"lazy\" decoding=\"async\" src=\"https:\/\/brasil61.com\/api\/v1\/serve_pixel\/17677\/74474\" alt=\"Pixel Brasil 61\" class=\"b61_pixel\" width=\"0\" height=\"0\"><\/p>\n<input type=\"hidden\" id=\"baseurl\" value=\"https:\/\/noticiasdestaque.com.br\"><input type=\"hidden\" id=\"audio_nonce\" value=\"6a24ca502e\">","protected":false},"excerpt":{"rendered":"<p>Texto prev\u00ea que inelegibilidade n\u00e3o poder\u00e1 passar de 12 anos <\/p>\n","protected":false},"author":1,"featured_media":16293,"comment_status":"open","ping_status":"open","sticky":false,"template":"","format":"standard","meta":{"fifu_image_url":"","fifu_image_alt":"","footnotes":""},"categories":[50],"tags":[],"class_list":["post-16292","post","type-post","status-publish","format-standard","has-post-thumbnail","hentry","category-politica"],"distributor_meta":false,"distributor_terms":false,"distributor_media":false,"distributor_original_site_name":"Noticias em Destaque","distributor_original_site_url":"https:\/\/noticiasdestaque.com.br","push-errors":false,"_links":{"self":[{"href":"https:\/\/noticiasdestaque.com.br\/index.php\/wp-json\/wp\/v2\/posts\/16292","targetHints":{"allow":["GET"]}}],"collection":[{"href":"https:\/\/noticiasdestaque.com.br\/index.php\/wp-json\/wp\/v2\/posts"}],"about":[{"href":"https:\/\/noticiasdestaque.com.br\/index.php\/wp-json\/wp\/v2\/types\/post"}],"author":[{"embeddable":true,"href":"https:\/\/noticiasdestaque.com.br\/index.php\/wp-json\/wp\/v2\/users\/1"}],"replies":[{"embeddable":true,"href":"https:\/\/noticiasdestaque.com.br\/index.php\/wp-json\/wp\/v2\/comments?post=16292"}],"version-history":[{"count":0,"href":"https:\/\/noticiasdestaque.com.br\/index.php\/wp-json\/wp\/v2\/posts\/16292\/revisions"}],"wp:featuredmedia":[{"embeddable":true,"href":"https:\/\/noticiasdestaque.com.br\/index.php\/wp-json\/wp\/v2\/media\/16293"}],"wp:attachment":[{"href":"https:\/\/noticiasdestaque.com.br\/index.php\/wp-json\/wp\/v2\/media?parent=16292"}],"wp:term":[{"taxonomy":"category","embeddable":true,"href":"https:\/\/noticiasdestaque.com.br\/index.php\/wp-json\/wp\/v2\/categories?post=16292"},{"taxonomy":"post_tag","embeddable":true,"href":"https:\/\/noticiasdestaque.com.br\/index.php\/wp-json\/wp\/v2\/tags?post=16292"}],"curies":[{"name":"wp","href":"https:\/\/api.w.org\/{rel}","templated":true}]}}