{"id":16290,"date":"2024-08-24T03:00:00","date_gmt":"2024-08-24T06:00:00","guid":{"rendered":"https:\/\/noticiasdestaque.com.br\/index.php\/2024\/08\/24\/cotas-raciais-partidos-terao-de-investir-em-candidaturas\/"},"modified":"2024-08-24T03:00:00","modified_gmt":"2024-08-24T06:00:00","slug":"cotas-raciais-partidos-terao-de-investir-em-candidaturas","status":"publish","type":"post","link":"https:\/\/noticiasdestaque.com.br\/index.php\/2024\/08\/24\/cotas-raciais-partidos-terao-de-investir-em-candidaturas\/","title":{"rendered":"Cotas raciais: partidos ter\u00e3o de investir em candidaturas"},"content":{"rendered":"<p>\t\t\t\t\t\t\t\t\t\t<audio controls class=\"b61_audio_player\" data-noticia=\"74641\" src=\"https:\/\/brasil61.com\/rails\/active_storage\/blobs\/eyJfcmFpbHMiOnsibWVzc2FnZSI6IkJBaHBBNTd6QWc9PSIsImV4cCI6bnVsbCwicHVyIjoiYmxvYl9pZCJ9fQ==--b9b5cade64f632411aea2e79a05858dd3bcf7936\/BRAS2412480B\"><\/audio><\/p>\n<p>Partidos pol\u00edticos de todo o pa\u00eds ter\u00e3o de investir em candidaturas de pessoas pardas e pretas. A regra passa a valer com a promulga\u00e7\u00e3o da Emenda Constitucional 133, j\u00e1 para as elei\u00e7\u00f5es municipais deste ano. A EC 133 obriga que os partidos pol\u00edticos destinem 30% dos recursos do Fundo Eleitoral e do Fundo Partid\u00e1rio \u00e0s candidaturas de pessoas pretas e pardas.\u00a0<\/p>\n<p>A emenda traz benef\u00edcios para os partidos que n\u00e3o cumpriram o m\u00ednimo em recursos nessas candidaturas em elei\u00e7\u00f5es passadas, que ter\u00e3o a anula\u00e7\u00e3o dos d\u00e9bitos. Mas essa anistia s\u00f3 vale se os partidos investirem os recursos n\u00e3o utilizados nas quatro elei\u00e7\u00f5es seguintes a partir de 2026.<\/p>\n<p>A Emenda ainda cria o programa de recupera\u00e7\u00e3o fiscal \u2014 Refis \u2014 espec\u00edfico para partidos pol\u00edticos, seus institutos ou funda\u00e7\u00f5es. Dessa forma, a d\u00edvida original deve ser submetida apenas \u00e0 corre\u00e7\u00e3o monet\u00e1ria \u2014 perdoando juros e multas acumulados. O Refis ainda prev\u00ea parcelamento das d\u00edvidas previdenci\u00e1rias dos partidos em at\u00e9 60 meses e os demais d\u00e9bitos em at\u00e9 180 meses.<br \/>\n\u00a0<\/p>\n<p>\t\t\t\t\t\t\t\t\t<img loading=\"lazy\" decoding=\"async\" src=\"https:\/\/brasil61.com\/api\/v1\/serve_pixel\/17677\/74641\" alt=\"Pixel Brasil 61\" class=\"b61_pixel\" width=\"0\" height=\"0\"><\/p>\n<input type=\"hidden\" id=\"baseurl\" value=\"https:\/\/noticiasdestaque.com.br\"><input type=\"hidden\" id=\"audio_nonce\" value=\"6a24ca502e\">","protected":false},"excerpt":{"rendered":"<p>Congresso promulga Emenda que exige investimento dos partidos nas candidaturas de pessoas pardas e pretas<\/p>\n","protected":false},"author":1,"featured_media":16291,"comment_status":"open","ping_status":"open","sticky":false,"template":"","format":"standard","meta":{"fifu_image_url":"","fifu_image_alt":"","footnotes":""},"categories":[50],"tags":[],"class_list":["post-16290","post","type-post","status-publish","format-standard","has-post-thumbnail","hentry","category-politica"],"distributor_meta":false,"distributor_terms":false,"distributor_media":false,"distributor_original_site_name":"Noticias em Destaque","distributor_original_site_url":"https:\/\/noticiasdestaque.com.br","push-errors":false,"_links":{"self":[{"href":"https:\/\/noticiasdestaque.com.br\/index.php\/wp-json\/wp\/v2\/posts\/16290","targetHints":{"allow":["GET"]}}],"collection":[{"href":"https:\/\/noticiasdestaque.com.br\/index.php\/wp-json\/wp\/v2\/posts"}],"about":[{"href":"https:\/\/noticiasdestaque.com.br\/index.php\/wp-json\/wp\/v2\/types\/post"}],"author":[{"embeddable":true,"href":"https:\/\/noticiasdestaque.com.br\/index.php\/wp-json\/wp\/v2\/users\/1"}],"replies":[{"embeddable":true,"href":"https:\/\/noticiasdestaque.com.br\/index.php\/wp-json\/wp\/v2\/comments?post=16290"}],"version-history":[{"count":0,"href":"https:\/\/noticiasdestaque.com.br\/index.php\/wp-json\/wp\/v2\/posts\/16290\/revisions"}],"wp:featuredmedia":[{"embeddable":true,"href":"https:\/\/noticiasdestaque.com.br\/index.php\/wp-json\/wp\/v2\/media\/16291"}],"wp:attachment":[{"href":"https:\/\/noticiasdestaque.com.br\/index.php\/wp-json\/wp\/v2\/media?parent=16290"}],"wp:term":[{"taxonomy":"category","embeddable":true,"href":"https:\/\/noticiasdestaque.com.br\/index.php\/wp-json\/wp\/v2\/categories?post=16290"},{"taxonomy":"post_tag","embeddable":true,"href":"https:\/\/noticiasdestaque.com.br\/index.php\/wp-json\/wp\/v2\/tags?post=16290"}],"curies":[{"name":"wp","href":"https:\/\/api.w.org\/{rel}","templated":true}]}}