{"id":16288,"date":"2024-08-20T03:00:00","date_gmt":"2024-08-20T06:00:00","guid":{"rendered":"https:\/\/noticiasdestaque.com.br\/index.php\/2024\/08\/20\/eleicoes-municipais-queda-no-numero-de-candidaturas-chega-a-18\/"},"modified":"2024-08-20T03:00:00","modified_gmt":"2024-08-20T06:00:00","slug":"eleicoes-municipais-queda-no-numero-de-candidaturas-chega-a-18","status":"publish","type":"post","link":"https:\/\/noticiasdestaque.com.br\/index.php\/2024\/08\/20\/eleicoes-municipais-queda-no-numero-de-candidaturas-chega-a-18\/","title":{"rendered":"Elei\u00e7\u00f5es municipais: queda no n\u00famero de candidaturas chega a 18%"},"content":{"rendered":"<p>\t\t\t\t\t\t\t\t\t\t<audio controls class=\"b61_audio_player\" data-noticia=\"74345\" src=\"https:\/\/brasil61.com\/rails\/active_storage\/blobs\/eyJfcmFpbHMiOnsibWVzc2FnZSI6IkJBaHBBMW54QWc9PSIsImV4cCI6bnVsbCwicHVyIjoiYmxvYl9pZCJ9fQ==--1ebaa9d47f18c2c66633e02f0967183cbf66eca7\/BRAS2412433B\"><\/audio><\/p>\n<p>De Norte a Sul do pa\u00eds, o n\u00famero de candidaturas aos cargos de prefeito, vice e vereador caiu 18% em rela\u00e7\u00e3o \u00e0s \u00faltimas elei\u00e7\u00f5es, em 2020. Em Santa Catarina, a queda foi menor do que a m\u00e9dia nacional, chegando a 12%. Mas em uma das cidades do estado, Blumenau, o n\u00famero de candidatos a prefeito nessas elei\u00e7\u00f5es caiu a menos da metade \u2014 passou de 12 para 5 pol\u00edticos que concorrem a uma vaga para a prefeitura da cidade. Tamb\u00e9m \u00e9 menor o n\u00famero daqueles que disputam uma vaga no legislativo local \u2014 passou de 371 em 2020 para 184 este ano, segundo o Tribunal Superior Eleitoral (TSE).<\/p>\n<p>Outro local onde houve redu\u00e7\u00e3o \u00e9 Po\u00e7os de Caldas, o maior domic\u00edlio eleitoral do sul de Minas. O n\u00famero de candidatos a prefeito e vice passou de 9 para 7, enquanto o de candidatos a vereador caiu de 294 para 255 este ano \u2014 uma queda de 13,78%.<\/p>\n<p>A queda tem explica\u00e7\u00e3o. Segundo o cientista pol\u00edtico Eduardo Grimm, os partidos pol\u00edticos est\u00e3o muito pressionados pelo financiamento de campanha e, com o or\u00e7amento apertado, \u00e9 importante investir nas candidaturas mais promissoras. O significa dizer \u201capoiar quem tem mandato\u201d explica Grimm.\u00a0<\/p>\n<p>\u201cA segunda raz\u00e3o \u00e9 uma novidade frente a 2020, que \u00e9 o aumento das federa\u00e7\u00f5es partid\u00e1rias. Uma federa\u00e7\u00e3o funciona como se fosse um partido, voc\u00ea tem dois ou tr\u00eas partidos juntos e eles t\u00eam que lan\u00e7ar o mesmo n\u00famero de candidatos, como se fosse um partido. Isso significa dizer que ao inv\u00e9s de ter tr\u00eas partidos lan\u00e7ando candidatos, eles juntos reduzem.\u201d<\/p>\n<p>Grimm ainda menciona uma terceira raz\u00e3o para a redu\u00e7\u00e3o no n\u00famero de candidatos. \u201cUma mudan\u00e7a na legisla\u00e7\u00e3o eleitoral, j\u00e1 que os partidos hoje n\u00e3o podem mais lan\u00e7ar um n\u00famero de candidatos a vereadores superior ao n\u00famero de vagas.\u201d \u00a0<\/p>\n<h2>Queda vem se repetindo<\/h2>\n<p>Todas as candidaturas foram registradas pelos partidos pol\u00edticos no site do TSE, que contabilizou 455 mil pedidos. A plataforma DivulgaCand centraliza os registros em todo o pa\u00eds e mostra que, segundo os tribunais regionais eleitorais, 15.434 s\u00e3o candidatos a prefeito, 15.531 a vice-prefeito e 424.750 concorrem\u00a0a uma vaga para vereador.\u00a0<\/p>\n<ul>\n<li><strong>2024<\/strong> &#8211; 455,7 mil registros<\/li>\n<li><strong>2020 <\/strong>&#8211; 557,6 mil registros<\/li>\n<li><strong>2016 <\/strong>&#8211; 496,9 mil registros<\/li>\n<li><strong>2012<\/strong> &#8211; 482,8 mil registros\u00a0<\/li>\n<\/ul>\n<p>\nPor partido, o MDB lidera a rela\u00e7\u00e3o de maior n\u00famero de candidatos no pa\u00eds, com 43.831. O PP tem 39.320, PSD 38.384, Uni\u00e3o Brasil 36.065, PL 35.388, Republicanos 33.529, PT 29.437 e PSB 26.065 candidatos concorrentes a vagas para prefeituras, vice e c\u00e2maras de vereadores de todo o pa\u00eds.<\/p>\n<h2>Candidaturas em an\u00e1lise<\/h2>\n<p>No mesmo dia em que o registro das candidaturas se encerrou nos TREs de todo o pa\u00eds \u2014 15 de agosto \u2014 o Tribunal de Contas das Uni\u00e3o entregou \u00e0 Justi\u00e7a eleitoral uma lista com 9,7 mil nomes. S\u00e3o pessoas cujas contas foram julgadas irregulares nos \u00faltimos oito anos, se tornando, portanto,\u00a0ineleg\u00edveis.\u00a0<\/p>\n<p>O advogado eleitoral Alexandre Rollo explica o que pode levar um candidato a ficar ileg\u00edvel.\u00a0<\/p>\n<p>\u201cCondena\u00e7\u00f5es por improbidade administrativa, condena\u00e7\u00f5es criminais e rejei\u00e7\u00e3o de contas pelos tribunais de contas tamb\u00e9m geram inelegibilidade. Mas s\u00f3 na lei da Ficha Limpa s\u00e3o 17 hip\u00f3teses de inelegibilidade diferentes.\u201d\u00a0<\/p>\n<p>O advogado ressalta que a lista repassada \u00e0 Justi\u00e7a Eleitoral trata-se de uma informa\u00e7\u00e3o que ainda ser\u00e1 examinada em cada caso concreto, \u201cainda n\u00e3o \u00e9 uma decis\u00e3o. Quem decide \u00e9 a Justi\u00e7a eleitoral, que vai levar essa informa\u00e7\u00e3o em considera\u00e7\u00e3o mas tamb\u00e9m ser\u00e1 considerada ampla defesa, contradit\u00f3rio, processo legal e justificativa do candidato &#8220;, detalha Rollo. \u00a0<\/p>\n<p>Lembrando que o primeiro turno das elei\u00e7\u00f5es ser\u00e1 no dia 6 de outubro e o segundo turno est\u00e1 marcado para tr\u00eas semanas depois, dia 27 de outubro. O Brasil tem mais de 155 milh\u00f5es de eleitores e apenas os que t\u00eam domic\u00edlio eleitoral em Fernando de Noronha e no Distrito Federal\u00a0 n\u00e3o ir\u00e3o \u00e0s urnas neste pleito.\u00a0<\/p>\n<p>\t\t\t\t\t\t\t\t\t<img loading=\"lazy\" decoding=\"async\" src=\"https:\/\/brasil61.com\/api\/v1\/serve_pixel\/17677\/74345\" alt=\"Pixel Brasil 61\" class=\"b61_pixel\" width=\"0\" height=\"0\"><\/p>\n<input type=\"hidden\" id=\"baseurl\" value=\"https:\/\/noticiasdestaque.com.br\"><input type=\"hidden\" id=\"audio_nonce\" value=\"6a24ca502e\">","protected":false},"excerpt":{"rendered":"<p>\u00c9 o menor n\u00famero de candidatos concorrendo a vagas eletivas desde 2008. Mudan\u00e7as na regras podem explicar redu\u00e7\u00e3o<\/p>\n","protected":false},"author":1,"featured_media":16289,"comment_status":"open","ping_status":"open","sticky":false,"template":"","format":"standard","meta":{"fifu_image_url":"","fifu_image_alt":"","footnotes":""},"categories":[50],"tags":[],"class_list":["post-16288","post","type-post","status-publish","format-standard","has-post-thumbnail","hentry","category-politica"],"distributor_meta":false,"distributor_terms":false,"distributor_media":false,"distributor_original_site_name":"Noticias em Destaque","distributor_original_site_url":"https:\/\/noticiasdestaque.com.br","push-errors":false,"_links":{"self":[{"href":"https:\/\/noticiasdestaque.com.br\/index.php\/wp-json\/wp\/v2\/posts\/16288","targetHints":{"allow":["GET"]}}],"collection":[{"href":"https:\/\/noticiasdestaque.com.br\/index.php\/wp-json\/wp\/v2\/posts"}],"about":[{"href":"https:\/\/noticiasdestaque.com.br\/index.php\/wp-json\/wp\/v2\/types\/post"}],"author":[{"embeddable":true,"href":"https:\/\/noticiasdestaque.com.br\/index.php\/wp-json\/wp\/v2\/users\/1"}],"replies":[{"embeddable":true,"href":"https:\/\/noticiasdestaque.com.br\/index.php\/wp-json\/wp\/v2\/comments?post=16288"}],"version-history":[{"count":0,"href":"https:\/\/noticiasdestaque.com.br\/index.php\/wp-json\/wp\/v2\/posts\/16288\/revisions"}],"wp:featuredmedia":[{"embeddable":true,"href":"https:\/\/noticiasdestaque.com.br\/index.php\/wp-json\/wp\/v2\/media\/16289"}],"wp:attachment":[{"href":"https:\/\/noticiasdestaque.com.br\/index.php\/wp-json\/wp\/v2\/media?parent=16288"}],"wp:term":[{"taxonomy":"category","embeddable":true,"href":"https:\/\/noticiasdestaque.com.br\/index.php\/wp-json\/wp\/v2\/categories?post=16288"},{"taxonomy":"post_tag","embeddable":true,"href":"https:\/\/noticiasdestaque.com.br\/index.php\/wp-json\/wp\/v2\/tags?post=16288"}],"curies":[{"name":"wp","href":"https:\/\/api.w.org\/{rel}","templated":true}]}}