{"id":16268,"date":"2024-08-23T03:00:00","date_gmt":"2024-08-23T06:00:00","guid":{"rendered":"https:\/\/noticiasdestaque.com.br\/index.php\/2024\/08\/23\/industria-quimica-brasileira-registra-queda-de-275-nas-exportacoes\/"},"modified":"2024-08-23T03:00:00","modified_gmt":"2024-08-23T06:00:00","slug":"industria-quimica-brasileira-registra-queda-de-275-nas-exportacoes","status":"publish","type":"post","link":"https:\/\/noticiasdestaque.com.br\/index.php\/2024\/08\/23\/industria-quimica-brasileira-registra-queda-de-275-nas-exportacoes\/","title":{"rendered":"Ind\u00fastria qu\u00edmica brasileira registra queda de 27,5% nas exporta\u00e7\u00f5es"},"content":{"rendered":"<p>\t\t\t\t\t\t\t\t\t\t<audio controls class=\"b61_audio_player\" data-noticia=\"74439\" src=\"https:\/\/brasil61.com\/rails\/active_storage\/blobs\/eyJfcmFpbHMiOnsibWVzc2FnZSI6IkJBaHBBemJ5QWc9PSIsImV4cCI6bnVsbCwicHVyIjoiYmxvYl9pZCJ9fQ==--7fc1266245e301d4c406ffa156516ca69c83a3e4\/BRAS2412466A\"><\/audio><\/p>\n<p>O mais novo relat\u00f3rio de Acompanhamento Conjuntural relativo\u00a0ao 1\u00ba semestre de 2024 revela uma crise na ind\u00fastria qu\u00edmica brasileira. A produ\u00e7\u00e3o nacional de qu\u00edmicos caiu 1,14% e as exporta\u00e7\u00f5es tiveram redu\u00e7\u00e3o de 27,5% desde 2023. N\u00fameros revelam a dificuldade do setor em competir tanto em n\u00edvel interno, quanto internacional.\u00a0<\/p>\n<p>Por outro lado, cresceram os indicadores de volume. De janeiro a junho deste ano, as vendas internas tiveram incremento de 4,39% e o consumo aparente subiu 0,4%. Apesar disso, analistas do setor avaliam que esses aumentos n\u00e3o traduzem de forma fiel o cen\u00e1rio cr\u00edtico que a ind\u00fastria qu\u00edmica vive hoje.\u00a0<\/p>\n<h2>Falta de competitividade<\/h2>\n<p>Para o economista Paulo Gaia, essa queda demonstra um resultado preocupante, j\u00e1 que o setor recuou mais de 1% enquanto o pa\u00eds cresceu quase 3%.\u00a0<\/p>\n<p>\u201cA gente sabe que \u00e9 um dos setores mais complexos e sofisticados da economia brasileira, portanto com capacidade de pagar sal\u00e1rios mais altos, assim como a grande capacidade arrecadat\u00f3ria. Uma nova contra\u00e7\u00e3o preocupante, haja vista o ano passado \u2014 quando o setor tamb\u00e9m contraiu num momento em que as importa\u00e7\u00f5es aumentam muito.\u201d<\/p>\n<p>Sobre o aumento das vendas crescentes no mercado interno, o economista explica: \u201cs\u00e3o vendas abastecidas pelas importa\u00e7\u00f5es.\u201d\u00a0<\/p>\n<p>Sobre a queda de 27,5% nas exporta\u00e7\u00f5es, Gaia elenca os poss\u00edveis motivos.<\/p>\n<p>\u201cDiferen\u00e7as de custo de produ\u00e7\u00e3o dom\u00e9stico muito mais elevado, custo da mat\u00e9ria prima \u2014 como o g\u00e1s, por exemplo \u2014 cinco vezes mais caro no Brasil quando comparado aos Estados Unidos e at\u00e9 50% mais caro do que o custo do g\u00e1s na Europa.\u201d<\/p>\n<p>O economista ainda alerta para a tributa\u00e7\u00e3o excessiva sobre a ind\u00fastria brasileira. Enquanto o setor industrial representa 10% do Produto Interno Bruto (PIB) do pa\u00eds, paga 30% da carga tribut\u00e1ria total \u2014 sendo o setor qu\u00edmico um dos mais onerados nesse sentido.\u00a0<\/p>\n<p>A an\u00e1lise do economista ainda mostra uma triste realidade: de que enquanto o pa\u00eds cresce e se expande, um dos setores que pagam os melhores sal\u00e1rios e exige uma m\u00e3o de obra especializada e qualificada, retrai pelo segundo ano consecutivo.\u00a0<\/p>\n<h2>Medidas<\/h2>\n<p>Para tentar equilibrar a pol\u00edtica comercial externa, o setor qu\u00edmico prop\u00f4s ao governo a inclus\u00e3o de 63 produtos qu\u00edmicos na Lista de Eleva\u00e7\u00f5es Transit\u00f3rias da Tarifa Externa Comum do Mercosul. A medida prev\u00ea o aumento de impostos de entrada no Brasil para estes itens para, assim compensar parcialmente os desequil\u00edbrios de competitividade das mat\u00e9rias primas na \u00c1sia em rela\u00e7\u00e3o ao Brasil.\u00a0<br \/>\n\u00a0<\/p>\n<p>\t\t\t\t\t\t\t\t\t<img loading=\"lazy\" decoding=\"async\" src=\"https:\/\/brasil61.com\/api\/v1\/serve_pixel\/17677\/74439\" alt=\"Pixel Brasil 61\" class=\"b61_pixel\" width=\"0\" height=\"0\"><\/p>\n<input type=\"hidden\" id=\"baseurl\" value=\"https:\/\/noticiasdestaque.com.br\"><input type=\"hidden\" id=\"audio_nonce\" value=\"6a24ca502e\">","protected":false},"excerpt":{"rendered":"<p>Produ\u00e7\u00e3o nacional recuou 1,14%  em rela\u00e7\u00e3o a 2023; n\u00fameros mostram dificuldade de competi\u00e7\u00e3o no Brasil e no exterior<\/p>\n","protected":false},"author":1,"featured_media":16269,"comment_status":"open","ping_status":"open","sticky":false,"template":"","format":"standard","meta":{"fifu_image_url":"","fifu_image_alt":"","footnotes":""},"categories":[59],"tags":[],"class_list":["post-16268","post","type-post","status-publish","format-standard","has-post-thumbnail","hentry","category-economia"],"distributor_meta":false,"distributor_terms":false,"distributor_media":false,"distributor_original_site_name":"Noticias em Destaque","distributor_original_site_url":"https:\/\/noticiasdestaque.com.br","push-errors":false,"_links":{"self":[{"href":"https:\/\/noticiasdestaque.com.br\/index.php\/wp-json\/wp\/v2\/posts\/16268","targetHints":{"allow":["GET"]}}],"collection":[{"href":"https:\/\/noticiasdestaque.com.br\/index.php\/wp-json\/wp\/v2\/posts"}],"about":[{"href":"https:\/\/noticiasdestaque.com.br\/index.php\/wp-json\/wp\/v2\/types\/post"}],"author":[{"embeddable":true,"href":"https:\/\/noticiasdestaque.com.br\/index.php\/wp-json\/wp\/v2\/users\/1"}],"replies":[{"embeddable":true,"href":"https:\/\/noticiasdestaque.com.br\/index.php\/wp-json\/wp\/v2\/comments?post=16268"}],"version-history":[{"count":0,"href":"https:\/\/noticiasdestaque.com.br\/index.php\/wp-json\/wp\/v2\/posts\/16268\/revisions"}],"wp:featuredmedia":[{"embeddable":true,"href":"https:\/\/noticiasdestaque.com.br\/index.php\/wp-json\/wp\/v2\/media\/16269"}],"wp:attachment":[{"href":"https:\/\/noticiasdestaque.com.br\/index.php\/wp-json\/wp\/v2\/media?parent=16268"}],"wp:term":[{"taxonomy":"category","embeddable":true,"href":"https:\/\/noticiasdestaque.com.br\/index.php\/wp-json\/wp\/v2\/categories?post=16268"},{"taxonomy":"post_tag","embeddable":true,"href":"https:\/\/noticiasdestaque.com.br\/index.php\/wp-json\/wp\/v2\/tags?post=16268"}],"curies":[{"name":"wp","href":"https:\/\/api.w.org\/{rel}","templated":true}]}}