{"id":16260,"date":"2024-08-23T18:00:00","date_gmt":"2024-08-23T21:00:00","guid":{"rendered":"https:\/\/noticiasdestaque.com.br\/index.php\/2024\/08\/23\/previsao-do-tempo-sabado-24-com-alerta-para-baixa-umidade-e-declinio-de-temperaturas-no-sudeste\/"},"modified":"2024-08-23T18:00:00","modified_gmt":"2024-08-23T21:00:00","slug":"previsao-do-tempo-sabado-24-com-alerta-para-baixa-umidade-e-declinio-de-temperaturas-no-sudeste","status":"publish","type":"post","link":"https:\/\/noticiasdestaque.com.br\/index.php\/2024\/08\/23\/previsao-do-tempo-sabado-24-com-alerta-para-baixa-umidade-e-declinio-de-temperaturas-no-sudeste\/","title":{"rendered":"PREVIS\u00c3O DO TEMPO: s\u00e1bado (24) com alerta para baixa umidade e decl\u00ednio de temperaturas no Sudeste"},"content":{"rendered":"<p>\t\t\t\t\t\t\t\t\t\t<audio controls class=\"b61_audio_player\" data-noticia=\"74646\" src=\"https:\/\/brasil61.com\/rails\/active_storage\/blobs\/eyJfcmFpbHMiOnsibWVzc2FnZSI6IkJBaHBBNHJ6QWc9PSIsImV4cCI6bnVsbCwicHVyIjoiYmxvYl9pZCJ9fQ==--76d00d64dc8390d80de3cbaf475f6310f94e14c3\/PTSD243764A\"><\/audio><\/p>\n<p>O Instituto Nacional de Meteorologia (Inmet) alerta para perigo potencial de baixa umidade em Minas Gerais e S\u00e3o Paulo, atingindo cidades como Passos (MG) e Barretos (SP).<\/p>\n<p>Tamb\u00e9m h\u00e1 alerta para perigo potencial de decl\u00ednio de temperaturas em S\u00e3o Paulo e no Rio de Janeiro, em cidades como Campinas (SP) e Vassouras (RJ).<\/p>\n<p><strong>Confira agora a previs\u00e3o do tempo no seu estado.\u00a0<\/strong><\/p>\n<p><strong>Esp\u00edrito Santo<\/strong><\/p>\n<p>A previs\u00e3o para este s\u00e1bado (24) \u00e9 de varia\u00e7\u00e3o de nuvens e sem chuvas em todo o Esp\u00edrito Santo.<\/p>\n<p><strong>Minas Gerais\u00a0<\/strong><\/p>\n<p>Durante a manh\u00e3 e \u00e0 tarde, h\u00e1 varia\u00e7\u00e3o de nuvens em todo o estado de Minas Gerais. Possibilidade de chuva durante a tarde apenas nas cidades de Delfim Moreira e Passa Quatro. \u00c0 noite, pancadas de chuva nas microrregi\u00f5es de Po\u00e7os de Caldas, Pouso Alegre, Santa Rita do Sapuca\u00ed e S\u00e3o Louren\u00e7o. Possibilidade de chuva na Zona da Mata.<\/p>\n<p><strong>Rio de Janeiro<\/strong><\/p>\n<p>O dia come\u00e7a com tempo encoberto em todo o estado do Rio de Janeiro. Durante a tarde, h\u00e1 possibilidade de chuvas no sul fluminense, metropolitana do Rio de Janeiro e Baixadas Litor\u00e2neas. \u00c0 noite, as possibilidades de chuva atingem quase todo o estado, com exce\u00e7\u00e3o das cidades de Natividade, Itaperuna, Laje do Muria\u00e9, Italva, S\u00e3o Fid\u00e9lis, Cardoso Moreira, S\u00e3o Francisco de Itabapoana e S\u00e3o Jo\u00e3o da Barra, onde n\u00e3o h\u00e1 previs\u00e3o de chuva.\u00a0<\/p>\n<p><strong>S\u00e3o Paulo<\/strong><\/p>\n<p>O s\u00e1bado (24) come\u00e7a com chuvas brandas em Itapetininga, Assis\u00a0\u00a0e litoral sul paulista. Durante a tarde, pancadas de chuva acompanhadas por trovoadas isoladas s\u00e3o esperadas em Presidente Prudente, Mar\u00edlia, Assis, Itapetininga e litoral sul. Possibilidade de chuva na metropolitana de S\u00e3o Paulo e no Vale do Para\u00edba. \u00c0 noite, pancadas de chuva s\u00e3o esperadas em quase todo o estado, com exce\u00e7\u00e3o de S\u00e3o Jos\u00e9 do Rio Preto, Ribeir\u00e3o Preto e microrregi\u00e3o de S\u00e3o Jo\u00e3o da Boa Vista.<\/p>\n<p><strong>Temperatura m\u00ednima e m\u00e1xima na regi\u00e3o<\/strong><\/p>\n<p>A temperatura m\u00ednima fica em torno de 10\u00b0C, em Camanducaia, em Minas Gerais, e a m\u00e1xima prevista \u00e9 de 36\u00baC, em Gua\u00edra, em S\u00e3o Paulo. A umidade relativa do ar varia entre 20% e 100%.<\/p>\n<p>As informa\u00e7\u00f5es s\u00e3o do Instituto Nacional de Meteorologia.<br \/>\n\u00a0<\/p>\n<p>\t\t\t\t\t\t\t\t\t<img loading=\"lazy\" decoding=\"async\" src=\"https:\/\/brasil61.com\/api\/v1\/serve_pixel\/17677\/74646\" alt=\"Pixel Brasil 61\" class=\"b61_pixel\" width=\"0\" height=\"0\"><\/p>\n<input type=\"hidden\" id=\"baseurl\" value=\"https:\/\/noticiasdestaque.com.br\"><input type=\"hidden\" id=\"audio_nonce\" value=\"6a24ca502e\">","protected":false},"excerpt":{"rendered":"<p>A temperatura pode variar entre 10\u00baC e 36\u00baC<\/p>\n","protected":false},"author":1,"featured_media":16261,"comment_status":"open","ping_status":"open","sticky":false,"template":"","format":"standard","meta":{"fifu_image_url":"","fifu_image_alt":"","footnotes":""},"categories":[58],"tags":[],"class_list":["post-16260","post","type-post","status-publish","format-standard","has-post-thumbnail","hentry","category-cotidiano"],"distributor_meta":false,"distributor_terms":false,"distributor_media":false,"distributor_original_site_name":"Noticias em Destaque","distributor_original_site_url":"https:\/\/noticiasdestaque.com.br","push-errors":false,"_links":{"self":[{"href":"https:\/\/noticiasdestaque.com.br\/index.php\/wp-json\/wp\/v2\/posts\/16260","targetHints":{"allow":["GET"]}}],"collection":[{"href":"https:\/\/noticiasdestaque.com.br\/index.php\/wp-json\/wp\/v2\/posts"}],"about":[{"href":"https:\/\/noticiasdestaque.com.br\/index.php\/wp-json\/wp\/v2\/types\/post"}],"author":[{"embeddable":true,"href":"https:\/\/noticiasdestaque.com.br\/index.php\/wp-json\/wp\/v2\/users\/1"}],"replies":[{"embeddable":true,"href":"https:\/\/noticiasdestaque.com.br\/index.php\/wp-json\/wp\/v2\/comments?post=16260"}],"version-history":[{"count":0,"href":"https:\/\/noticiasdestaque.com.br\/index.php\/wp-json\/wp\/v2\/posts\/16260\/revisions"}],"wp:featuredmedia":[{"embeddable":true,"href":"https:\/\/noticiasdestaque.com.br\/index.php\/wp-json\/wp\/v2\/media\/16261"}],"wp:attachment":[{"href":"https:\/\/noticiasdestaque.com.br\/index.php\/wp-json\/wp\/v2\/media?parent=16260"}],"wp:term":[{"taxonomy":"category","embeddable":true,"href":"https:\/\/noticiasdestaque.com.br\/index.php\/wp-json\/wp\/v2\/categories?post=16260"},{"taxonomy":"post_tag","embeddable":true,"href":"https:\/\/noticiasdestaque.com.br\/index.php\/wp-json\/wp\/v2\/tags?post=16260"}],"curies":[{"name":"wp","href":"https:\/\/api.w.org\/{rel}","templated":true}]}}