{"id":16253,"date":"2024-08-22T19:10:00","date_gmt":"2024-08-22T22:10:00","guid":{"rendered":"https:\/\/noticiasdestaque.com.br\/index.php\/2024\/08\/22\/previsao-do-tempo-sexta-feira-23-de-ceu-com-poucas-nuvens-em-boa-parte-do-nordeste\/"},"modified":"2024-08-22T19:10:00","modified_gmt":"2024-08-22T22:10:00","slug":"previsao-do-tempo-sexta-feira-23-de-ceu-com-poucas-nuvens-em-boa-parte-do-nordeste","status":"publish","type":"post","link":"https:\/\/noticiasdestaque.com.br\/index.php\/2024\/08\/22\/previsao-do-tempo-sexta-feira-23-de-ceu-com-poucas-nuvens-em-boa-parte-do-nordeste\/","title":{"rendered":"PREVIS\u00c3O DO TEMPO: sexta-feira (23) de c\u00e9u com poucas nuvens em boa parte do Nordeste"},"content":{"rendered":"<p>\t\t\t\t\t\t\t\t\t\t<audio controls class=\"b61_audio_player\" data-noticia=\"74600\" src=\"https:\/\/brasil61.com\/rails\/active_storage\/blobs\/eyJfcmFpbHMiOnsibWVzc2FnZSI6IkJBaHBBeG56QWc9PSIsImV4cCI6bnVsbCwicHVyIjoiYmxvYl9pZCJ9fQ==--d9b50ddd47163796aa918f7577d6feef93438479\/PTND244310A\"><\/audio><\/p>\n<p>Nesta sexta-feira (23), a previs\u00e3o do tempo para o Nordeste do pa\u00eds indica c\u00e9u com poucas nuvens em boa parte da regi\u00e3o, sobretudo em \u00e1reas de estados como Cear\u00e1, Rio Grande do Norte e Para\u00edba, em cidades como Senador Pompeu (CE), Cara\u00fabas (RN) e Sousa (PB).\u00a0<\/p>\n<p>J\u00e1 no sul do Maranh\u00e3o e do Piau\u00ed, a previs\u00e3o \u00e9 de c\u00e9u claro, com n\u00e9voa seca, mesma condi\u00e7\u00e3o que abrange o oeste da Bahia, em munic\u00edpios como Formosa do Rio Preto e Barreiras.\u00a0<\/p>\n<p>No leste da regi\u00e3o, em \u00e1reas do litoral de Pernambuco, de Sergipe e Alagoas, a previs\u00e3o \u00e9 de muitas nuvens com chuva isolada, principalmente nas capitais Recife, Aracaju e Macei\u00f3.<\/p>\n<p>Entre as capitais, a temperatura m\u00ednima fica em torno de 22\u00b0C, em Salvador (BA), e a m\u00e1xima prevista \u00e9 de 35\u00b0C, em Teresina (PI). A umidade relativa do ar varia entre 30% e 95%.<\/p>\n<p>As informa\u00e7\u00f5es s\u00e3o do Instituto Nacional de Meteorologia.<br \/>\n\u00a0<\/p>\n<p>\t\t\t\t\t\t\t\t\t<img loading=\"lazy\" decoding=\"async\" src=\"https:\/\/brasil61.com\/api\/v1\/serve_pixel\/17677\/74600\" alt=\"Pixel Brasil 61\" class=\"b61_pixel\" width=\"0\" height=\"0\"><\/p>\n<input type=\"hidden\" id=\"baseurl\" value=\"https:\/\/noticiasdestaque.com.br\"><input type=\"hidden\" id=\"audio_nonce\" value=\"6f73a554f1\">","protected":false},"excerpt":{"rendered":"<p>Entre as capitais, a temperatura m\u00ednima fica em torno de 22\u00b0C, em Salvador (BA), e a m\u00e1xima prevista \u00e9 de 35\u00b0C, em Teresina (PI)<\/p>\n","protected":false},"author":1,"featured_media":0,"comment_status":"open","ping_status":"open","sticky":false,"template":"","format":"standard","meta":{"fifu_image_url":"","fifu_image_alt":"","footnotes":""},"categories":[58],"tags":[],"class_list":["post-16253","post","type-post","status-publish","format-standard","hentry","category-cotidiano"],"distributor_meta":false,"distributor_terms":false,"distributor_media":false,"distributor_original_site_name":"Noticias em Destaque","distributor_original_site_url":"https:\/\/noticiasdestaque.com.br","push-errors":false,"_links":{"self":[{"href":"https:\/\/noticiasdestaque.com.br\/index.php\/wp-json\/wp\/v2\/posts\/16253","targetHints":{"allow":["GET"]}}],"collection":[{"href":"https:\/\/noticiasdestaque.com.br\/index.php\/wp-json\/wp\/v2\/posts"}],"about":[{"href":"https:\/\/noticiasdestaque.com.br\/index.php\/wp-json\/wp\/v2\/types\/post"}],"author":[{"embeddable":true,"href":"https:\/\/noticiasdestaque.com.br\/index.php\/wp-json\/wp\/v2\/users\/1"}],"replies":[{"embeddable":true,"href":"https:\/\/noticiasdestaque.com.br\/index.php\/wp-json\/wp\/v2\/comments?post=16253"}],"version-history":[{"count":0,"href":"https:\/\/noticiasdestaque.com.br\/index.php\/wp-json\/wp\/v2\/posts\/16253\/revisions"}],"wp:attachment":[{"href":"https:\/\/noticiasdestaque.com.br\/index.php\/wp-json\/wp\/v2\/media?parent=16253"}],"wp:term":[{"taxonomy":"category","embeddable":true,"href":"https:\/\/noticiasdestaque.com.br\/index.php\/wp-json\/wp\/v2\/categories?post=16253"},{"taxonomy":"post_tag","embeddable":true,"href":"https:\/\/noticiasdestaque.com.br\/index.php\/wp-json\/wp\/v2\/tags?post=16253"}],"curies":[{"name":"wp","href":"https:\/\/api.w.org\/{rel}","templated":true}]}}