{"id":16252,"date":"2024-08-22T19:00:00","date_gmt":"2024-08-22T22:00:00","guid":{"rendered":"https:\/\/noticiasdestaque.com.br\/index.php\/2024\/08\/22\/previsao-do-tempo-sexta-feira-23-de-muitas-nuvens-com-pancadas-de-chuva-em-areas-do-am-e-de-rr\/"},"modified":"2024-08-22T19:00:00","modified_gmt":"2024-08-22T22:00:00","slug":"previsao-do-tempo-sexta-feira-23-de-muitas-nuvens-com-pancadas-de-chuva-em-areas-do-am-e-de-rr","status":"publish","type":"post","link":"https:\/\/noticiasdestaque.com.br\/index.php\/2024\/08\/22\/previsao-do-tempo-sexta-feira-23-de-muitas-nuvens-com-pancadas-de-chuva-em-areas-do-am-e-de-rr\/","title":{"rendered":"PREVIS\u00c3O DO TEMPO: sexta-feira (23) de muitas nuvens, com pancadas de chuva em \u00e1reas do AM e de RR"},"content":{"rendered":"<p>\t\t\t\t\t\t\t\t\t\t<audio controls class=\"b61_audio_player\" data-noticia=\"74599\" src=\"https:\/\/brasil61.com\/rails\/active_storage\/blobs\/eyJfcmFpbHMiOnsibWVzc2FnZSI6IkJBaHBBeHJ6QWc9PSIsImV4cCI6bnVsbCwicHVyIjoiYmxvYl9pZCJ9fQ==--5de0a18138501d724d1d856970144817b5a42998\/PTRN244091A\"><\/audio><\/p>\n<p>Nesta sexta-feira (23), a previs\u00e3o do tempo para o Norte do pa\u00eds indica c\u00e9u com poucas nuvens em boa parte da regi\u00e3o, sobretudo em \u00e1reas de estados como Par\u00e1, Rond\u00f4nia, Acre e algumas \u00e1reas do Amazonas.\u00a0<\/p>\n<p>J\u00e1 em todo o estado de Roraima e mais ao norte do Amazonas, a previs\u00e3o \u00e9 de muitas nuvens, com pancadas de chuva e trovoadas isoladas, condi\u00e7\u00e3o que envolve munic\u00edpios como S\u00e3o Gabriel da Cachoeira (AM) e Caracara\u00ed (RR).\u00a0<\/p>\n<p>J\u00e1 no Amap\u00e1, em cidades como Oiapoque e Macap\u00e1, a previs\u00e3o indica c\u00e9u com muitas nuvens e possibilidade de chuva isolada. J\u00e1 no Tocantins, a maior parte do estado contar\u00e1 com n\u00e9voa seca, em munic\u00edpios como S\u00e3o Val\u00e9rio e Formoso do Araguaia. \u00a0<\/p>\n<p>Ao longo de agosto, a previs\u00e3o indica chuvas acima da m\u00e9dia na faixa norte da regi\u00e3o Norte.<\/p>\n<p>Entre as capitais, a temperatura m\u00ednima fica em torno de 23\u00b0C, em Rio Branco (AC), e a m\u00e1xima prevista \u00e9 de 37\u00b0C, em Palmas (TO). A umidade relativa do ar varia entre 25% e 95%.<\/p>\n<p>As informa\u00e7\u00f5es s\u00e3o do Instituto Nacional de Meteorologia.<br \/>\n\u00a0<\/p>\n<p>\t\t\t\t\t\t\t\t\t<img loading=\"lazy\" decoding=\"async\" src=\"https:\/\/brasil61.com\/api\/v1\/serve_pixel\/17677\/74599\" alt=\"Pixel Brasil 61\" class=\"b61_pixel\" width=\"0\" height=\"0\"><\/p>\n<input type=\"hidden\" id=\"baseurl\" value=\"https:\/\/noticiasdestaque.com.br\"><input type=\"hidden\" id=\"audio_nonce\" value=\"6f73a554f1\">","protected":false},"excerpt":{"rendered":"<p>Entre as capitais do Norte do pa\u00eds, a temperatura m\u00ednima fica em torno de 23\u00b0C, em Rio Branco (AC), e a m\u00e1xima prevista \u00e9 de 37\u00b0C, em Palmas (TO)<\/p>\n","protected":false},"author":1,"featured_media":0,"comment_status":"open","ping_status":"open","sticky":false,"template":"","format":"standard","meta":{"fifu_image_url":"","fifu_image_alt":"","footnotes":""},"categories":[58],"tags":[],"class_list":["post-16252","post","type-post","status-publish","format-standard","hentry","category-cotidiano"],"distributor_meta":false,"distributor_terms":false,"distributor_media":false,"distributor_original_site_name":"Noticias em Destaque","distributor_original_site_url":"https:\/\/noticiasdestaque.com.br","push-errors":false,"_links":{"self":[{"href":"https:\/\/noticiasdestaque.com.br\/index.php\/wp-json\/wp\/v2\/posts\/16252","targetHints":{"allow":["GET"]}}],"collection":[{"href":"https:\/\/noticiasdestaque.com.br\/index.php\/wp-json\/wp\/v2\/posts"}],"about":[{"href":"https:\/\/noticiasdestaque.com.br\/index.php\/wp-json\/wp\/v2\/types\/post"}],"author":[{"embeddable":true,"href":"https:\/\/noticiasdestaque.com.br\/index.php\/wp-json\/wp\/v2\/users\/1"}],"replies":[{"embeddable":true,"href":"https:\/\/noticiasdestaque.com.br\/index.php\/wp-json\/wp\/v2\/comments?post=16252"}],"version-history":[{"count":0,"href":"https:\/\/noticiasdestaque.com.br\/index.php\/wp-json\/wp\/v2\/posts\/16252\/revisions"}],"wp:attachment":[{"href":"https:\/\/noticiasdestaque.com.br\/index.php\/wp-json\/wp\/v2\/media?parent=16252"}],"wp:term":[{"taxonomy":"category","embeddable":true,"href":"https:\/\/noticiasdestaque.com.br\/index.php\/wp-json\/wp\/v2\/categories?post=16252"},{"taxonomy":"post_tag","embeddable":true,"href":"https:\/\/noticiasdestaque.com.br\/index.php\/wp-json\/wp\/v2\/tags?post=16252"}],"curies":[{"name":"wp","href":"https:\/\/api.w.org\/{rel}","templated":true}]}}