{"id":16251,"date":"2024-08-22T19:00:00","date_gmt":"2024-08-22T22:00:00","guid":{"rendered":"https:\/\/noticiasdestaque.com.br\/index.php\/2024\/08\/22\/previsao-do-tempo-sexta-feira-23-de-ceu-claro-e-nevoa-seca-no-df\/"},"modified":"2024-08-22T19:00:00","modified_gmt":"2024-08-22T22:00:00","slug":"previsao-do-tempo-sexta-feira-23-de-ceu-claro-e-nevoa-seca-no-df","status":"publish","type":"post","link":"https:\/\/noticiasdestaque.com.br\/index.php\/2024\/08\/22\/previsao-do-tempo-sexta-feira-23-de-ceu-claro-e-nevoa-seca-no-df\/","title":{"rendered":"PREVIS\u00c3O DO TEMPO: sexta-feira (23) de c\u00e9u claro e n\u00e9voa seca no DF"},"content":{"rendered":"<p>\t\t\t\t\t\t\t\t\t\t<audio controls class=\"b61_audio_player\" data-noticia=\"74598\" src=\"https:\/\/brasil61.com\/rails\/active_storage\/blobs\/eyJfcmFpbHMiOnsibWVzc2FnZSI6IkJBaHBBeFh6QWc9PSIsImV4cCI6bnVsbCwicHVyIjoiYmxvYl9pZCJ9fQ==--0d3fb921cc2ebe575c1871c8382cf4e0bd9ce726\/PTCO243775A\"><\/audio><\/p>\n<p>Nesta sexta-feira (23), a previs\u00e3o do tempo para o Distrito Federal \u00e9 de n\u00e9voa seca em praticamente todo o territ\u00f3rio da unidade da federa\u00e7\u00e3o.<\/p>\n<p>A capital federal tamb\u00e9m contar\u00e1 com dia de c\u00e9u claro.\u00a0<\/p>\n<p>A temperatura m\u00ednima fica em torno de 14\u00b0C e a m\u00e1xima prevista \u00e9 de 30\u00b0C. A umidade relativa do ar varia entre 15% e 60%.<\/p>\n<p>As informa\u00e7\u00f5es s\u00e3o do Instituto Nacional de Meteorologia.<\/p>\n<p>\u00a0<\/p>\n<p>\t\t\t\t\t\t\t\t\t<img loading=\"lazy\" decoding=\"async\" src=\"https:\/\/brasil61.com\/api\/v1\/serve_pixel\/17677\/74598\" alt=\"Pixel Brasil 61\" class=\"b61_pixel\" width=\"0\" height=\"0\"><\/p>\n<input type=\"hidden\" id=\"baseurl\" value=\"https:\/\/noticiasdestaque.com.br\"><input type=\"hidden\" id=\"audio_nonce\" value=\"6f73a554f1\">","protected":false},"excerpt":{"rendered":"<p>A temperatura m\u00ednima fica em torno de 14\u00b0C e a m\u00e1xima prevista \u00e9 de 30\u00b0C<\/p>\n","protected":false},"author":1,"featured_media":0,"comment_status":"open","ping_status":"open","sticky":false,"template":"","format":"standard","meta":{"fifu_image_url":"","fifu_image_alt":"","footnotes":""},"categories":[58],"tags":[],"class_list":["post-16251","post","type-post","status-publish","format-standard","hentry","category-cotidiano"],"distributor_meta":false,"distributor_terms":false,"distributor_media":false,"distributor_original_site_name":"Noticias em Destaque","distributor_original_site_url":"https:\/\/noticiasdestaque.com.br","push-errors":false,"_links":{"self":[{"href":"https:\/\/noticiasdestaque.com.br\/index.php\/wp-json\/wp\/v2\/posts\/16251","targetHints":{"allow":["GET"]}}],"collection":[{"href":"https:\/\/noticiasdestaque.com.br\/index.php\/wp-json\/wp\/v2\/posts"}],"about":[{"href":"https:\/\/noticiasdestaque.com.br\/index.php\/wp-json\/wp\/v2\/types\/post"}],"author":[{"embeddable":true,"href":"https:\/\/noticiasdestaque.com.br\/index.php\/wp-json\/wp\/v2\/users\/1"}],"replies":[{"embeddable":true,"href":"https:\/\/noticiasdestaque.com.br\/index.php\/wp-json\/wp\/v2\/comments?post=16251"}],"version-history":[{"count":0,"href":"https:\/\/noticiasdestaque.com.br\/index.php\/wp-json\/wp\/v2\/posts\/16251\/revisions"}],"wp:attachment":[{"href":"https:\/\/noticiasdestaque.com.br\/index.php\/wp-json\/wp\/v2\/media?parent=16251"}],"wp:term":[{"taxonomy":"category","embeddable":true,"href":"https:\/\/noticiasdestaque.com.br\/index.php\/wp-json\/wp\/v2\/categories?post=16251"},{"taxonomy":"post_tag","embeddable":true,"href":"https:\/\/noticiasdestaque.com.br\/index.php\/wp-json\/wp\/v2\/tags?post=16251"}],"curies":[{"name":"wp","href":"https:\/\/api.w.org\/{rel}","templated":true}]}}