{"id":16248,"date":"2024-08-24T03:00:00","date_gmt":"2024-08-24T06:00:00","guid":{"rendered":"https:\/\/noticiasdestaque.com.br\/index.php\/2024\/08\/24\/minas-gerais-tem-85-municipios-com-antena-5g\/"},"modified":"2024-08-24T03:00:00","modified_gmt":"2024-08-24T06:00:00","slug":"minas-gerais-tem-85-municipios-com-antena-5g","status":"publish","type":"post","link":"https:\/\/noticiasdestaque.com.br\/index.php\/2024\/08\/24\/minas-gerais-tem-85-municipios-com-antena-5g\/","title":{"rendered":"Minas Gerais tem 85 munic\u00edpios com antena 5G"},"content":{"rendered":"<p>\t\t\t\t\t\t\t\t\t\t<audio controls class=\"b61_audio_player\" data-noticia=\"74640\" src=\"https:\/\/brasil61.com\/rails\/active_storage\/blobs\/eyJfcmFpbHMiOnsibWVzc2FnZSI6IkJBaHBBN3Z6QWc9PSIsImV4cCI6bnVsbCwicHVyIjoiYmxvYl9pZCJ9fQ==--cba3e6a5ca1ea9867da46ee0c017ef3044e08169\/BRAS2412479B\"><\/audio><\/p>\n<p>A tecnologia 5G j\u00e1 foi implementada em 85 munic\u00edpios mineiros, ou seja, todas essas localidades possuem o sinal liberado para acesso \u00e0 internet, redes sociais, chamadas e aplicativos, uso banc\u00e1rio, entre outras possibilidades. Contagem, Ribeir\u00e3o das Neves, Ibirit\u00e9 e Santa Luzia est\u00e3o entre as cidades que receberam autoriza\u00e7\u00e3o para implementar o sinal da telefonia m\u00f3vel. A velocidade m\u00e9dia de download est\u00e1 em torno de 450 Mbps, segundo a Ag\u00eancia Nacional de Telecomunica\u00e7\u00f5es (Anatel).<\/p>\n<p>Em rela\u00e7\u00e3o ao alcance do sinal, o raio das antenas gira em torno de 1,5 km a 5 km, dependendo da localiza\u00e7\u00e3o, das condi\u00e7\u00f5es de instala\u00e7\u00e3o e posi\u00e7\u00e3o de cada antena. Elas devem estar a uma dist\u00e2ncia de 300 metros entre si.\u00a0<\/p>\n<p>Voc\u00ea quer saber se o seu munic\u00edpio j\u00e1 tem o sinal liberado? Quer saber se consegue acessar a internet 5G no seu celular? Para verificar isso, o Brasil 61 disponibilizou um painel com base nos dados da Anatel para que voc\u00ea consiga encontrar todas estas informa\u00e7\u00f5es, como localiza\u00e7\u00f5es das antenas e \u00e1rea coberta em rela\u00e7\u00e3o a sua cidade.\u00a0<\/p>\n<\/p>\n<p>No entanto, segundo a pr\u00f3pria ag\u00eancia, a libera\u00e7\u00e3o da faixa n\u00e3o significa que redes do 5G ser\u00e3o instaladas de imediato nas localidades. De acordo com o \u00f3rg\u00e3o, a instala\u00e7\u00e3o vai depender do planejamento individual de cada prestadora.\u00a0<\/p>\n<h2>Antenas<\/h2>\n<p>Conforme os dados da Anatel, Minas Gerais tem 1.697 antenas instaladas. Dos 85 munic\u00edpios, Belo Horizonte tem o maior n\u00famero de torres (732). Em seguida, Uberl\u00e2ndia aparece com 213 esta\u00e7\u00f5es, Contagem com 144, Juiz de Fora (139), Uberaba (43), Montes Claros (42), Betim (36), Divin\u00f3polis (31), Ribeir\u00e3o das Neves (24), Patos de Minas (20) e Santa Luzia (17), tamb\u00e9m j\u00e1 contam com a tecnologia.<\/p>\n<h2>O que \u00e9 5G?<\/h2>\n<p>A nova rede de telefonia m\u00f3vel \u00e9 o mais recente padr\u00e3o tecnol\u00f3gico para servi\u00e7os m\u00f3veis. De acordo com a Anatel, devido \u00e0s suas caracter\u00edsticas \u2013 altas taxas de transmiss\u00e3o de dados e baixa lat\u00eancia (tempo de resposta) \u2013 a 5G oferece uma variedade de possibilidades. Ela \u00e9 bem diferente das gera\u00e7\u00f5es passadas (2G, 3G e 4G). N\u00e3o se trata apenas de incremento de taxas de transmiss\u00e3o, o foco agora \u00e9 a especifica\u00e7\u00e3o de servi\u00e7os que permitam o atendimento a diferentes aplica\u00e7\u00f5es.\u00a0<\/p>\n<p><img decoding=\"async\" style=\"width:100%\" alt=\"\" src=\"https:\/\/noticiasdestaque.com.br\/wp-content\/uploads\/2024\/08\/MinasGeraistem85municpioscomantena5G_0240003001724479394.jpeg\" \/><\/p>\n<p>Conforme a Anatel, a 4G introduziu diferentes modelos de neg\u00f3cios e a \u201cera dos aplicativos\u201d. Ela implantou a Banda Larga M\u00f3vel Avan\u00e7ada, o Controle de Miss\u00e3o Cr\u00edtica \u2013 focada em prover conex\u00e3o com baix\u00edssima lat\u00eancia e alt\u00edssima confiabilidade, e a Internet das Coisas Massiva, para atender grande quantidade de dispositivos com alta cobertura e baixo consumo de bateria.<\/p>\n<p>Entre os avan\u00e7os esperados para o 5G, em rela\u00e7\u00e3o ao 4G, est\u00e3o o aumento das taxas de transmiss\u00e3o, baixa lat\u00eancia, maior densidade de conex\u00f5es, incremento da quantidade de dados transmitidos por unidade de espectro eletromagn\u00e9tico e maior efici\u00eancia energ\u00e9tica dos equipamentos:\u00a0<\/p>\n<h2>Metas de acesso do 5G no Brasil<\/h2>\n<p>De acordo com a Ag\u00eancia Nacional de Telecomunica\u00e7\u00f5es (Anatel), a previs\u00e3o \u00e9 alcan\u00e7ar 179 milh\u00f5es de assinantes de 5G at\u00e9 2030 \u2013 uma estimativa de 77% de usu\u00e1rios. Segundo a ag\u00eancia, atualmente todas as cidades brasileiras com mais de 500 mil habitantes t\u00eam pelo menos uma operadora que oferece o sinal. O superintendente de outorgas da Anatel Vinicius Caram comemora o resultado, mas admite que ainda existem metas que precisam ser alcan\u00e7adas.<\/p>\n<p>\u201cHoje n\u00f3s j\u00e1 temos a satisfa\u00e7\u00e3o dessas quase 600 cidades terem o seu 5G. Obviamente, n\u00e3o tem 100% da \u00e1rea coberta, nem a cobertura igual do 4G, mas isso acontece ao longo dos anos, n\u00e3o s\u00f3 por obriga\u00e7\u00f5es digitais, mas tamb\u00e9m por interesses das operadoras em novos investimentos, novos modelos de neg\u00f3cios\u201d, explica. \u00a0<\/p>\n<p>Dados da Anatel mostram 23.098 antenas instaladas no pa\u00eds. Dos 815 munic\u00edpios que est\u00e3o transmitindo o sinal, S\u00e3o Paulo \u00e9 a localidade com o maior n\u00famero de esta\u00e7\u00f5es: 6.363 distribu\u00eddas em 119 munic\u00edpios, como Caraguatatuba, S\u00e3o Jos\u00e9 dos Campos, Campinas e Bragan\u00e7a Paulista. Bahia, por exemplo, tem 1.030 esta\u00e7\u00f5es em 26 munic\u00edpios, como Feira de Santana, Ilh\u00e9us e Vit\u00f3ria da Conquista.\u00a0<br \/>\n\u00a0<\/p>\n<p>\t\t\t\t\t\t\t\t\t<img loading=\"lazy\" decoding=\"async\" src=\"https:\/\/brasil61.com\/api\/v1\/serve_pixel\/17677\/74640\" alt=\"Pixel Brasil 61\" class=\"b61_pixel\" width=\"0\" height=\"0\"><\/p>\n<input type=\"hidden\" id=\"baseurl\" value=\"https:\/\/noticiasdestaque.com.br\"><input type=\"hidden\" id=\"audio_nonce\" value=\"6a24ca502e\">","protected":false},"excerpt":{"rendered":"<p>Contagem, Ribeir\u00e3o das Neves, Ibirit\u00e9 e Santa Luzia est\u00e3o entre as cidades que receberam autoriza\u00e7\u00e3o para implementar o sinal da telefonia m\u00f3vel<\/p>\n","protected":false},"author":1,"featured_media":16249,"comment_status":"open","ping_status":"open","sticky":false,"template":"","format":"standard","meta":{"fifu_image_url":"","fifu_image_alt":"","footnotes":""},"categories":[54],"tags":[],"class_list":["post-16248","post","type-post","status-publish","format-standard","has-post-thumbnail","hentry","category-tecnologia"],"distributor_meta":false,"distributor_terms":false,"distributor_media":false,"distributor_original_site_name":"Noticias em Destaque","distributor_original_site_url":"https:\/\/noticiasdestaque.com.br","push-errors":false,"_links":{"self":[{"href":"https:\/\/noticiasdestaque.com.br\/index.php\/wp-json\/wp\/v2\/posts\/16248","targetHints":{"allow":["GET"]}}],"collection":[{"href":"https:\/\/noticiasdestaque.com.br\/index.php\/wp-json\/wp\/v2\/posts"}],"about":[{"href":"https:\/\/noticiasdestaque.com.br\/index.php\/wp-json\/wp\/v2\/types\/post"}],"author":[{"embeddable":true,"href":"https:\/\/noticiasdestaque.com.br\/index.php\/wp-json\/wp\/v2\/users\/1"}],"replies":[{"embeddable":true,"href":"https:\/\/noticiasdestaque.com.br\/index.php\/wp-json\/wp\/v2\/comments?post=16248"}],"version-history":[{"count":0,"href":"https:\/\/noticiasdestaque.com.br\/index.php\/wp-json\/wp\/v2\/posts\/16248\/revisions"}],"wp:featuredmedia":[{"embeddable":true,"href":"https:\/\/noticiasdestaque.com.br\/index.php\/wp-json\/wp\/v2\/media\/16249"}],"wp:attachment":[{"href":"https:\/\/noticiasdestaque.com.br\/index.php\/wp-json\/wp\/v2\/media?parent=16248"}],"wp:term":[{"taxonomy":"category","embeddable":true,"href":"https:\/\/noticiasdestaque.com.br\/index.php\/wp-json\/wp\/v2\/categories?post=16248"},{"taxonomy":"post_tag","embeddable":true,"href":"https:\/\/noticiasdestaque.com.br\/index.php\/wp-json\/wp\/v2\/tags?post=16248"}],"curies":[{"name":"wp","href":"https:\/\/api.w.org\/{rel}","templated":true}]}}