{"id":16226,"date":"2024-08-22T18:50:00","date_gmt":"2024-08-22T21:50:00","guid":{"rendered":"https:\/\/noticiasdestaque.com.br\/index.php\/2024\/08\/22\/previsao-do-tempo-sexta-feira-23-de-ceu-com-poucas-nuvens-em-municipios-do-rio-de-janeiro\/"},"modified":"2024-08-22T18:50:00","modified_gmt":"2024-08-22T21:50:00","slug":"previsao-do-tempo-sexta-feira-23-de-ceu-com-poucas-nuvens-em-municipios-do-rio-de-janeiro","status":"publish","type":"post","link":"https:\/\/noticiasdestaque.com.br\/index.php\/2024\/08\/22\/previsao-do-tempo-sexta-feira-23-de-ceu-com-poucas-nuvens-em-municipios-do-rio-de-janeiro\/","title":{"rendered":"PREVIS\u00c3O DO TEMPO: sexta-feira (23) de c\u00e9u com poucas nuvens em munic\u00edpios do Rio de Janeiro"},"content":{"rendered":"<p>\t\t\t\t\t\t\t\t\t\t<audio controls class=\"b61_audio_player\" data-noticia=\"74500\" src=\"https:\/\/brasil61.com\/rails\/active_storage\/blobs\/eyJfcmFpbHMiOnsibWVzc2FnZSI6IkJBaHBBNUx5QWc9PSIsImV4cCI6bnVsbCwicHVyIjoiYmxvYl9pZCJ9fQ==--9e72e2339e38f609c0fb68aacee2cbc8ec2c119d\/PTSD243762A\"><\/audio><\/p>\n<p>Nesta sexta-feira (23), a previs\u00e3o do tempo para o Rio de Janeiro e de c\u00e9u com poucas nuvens, sobretudo em cidades como Bom Jardim, S\u00e3o Jos\u00e9 de Ub\u00e1, Valen\u00e7a e Trajano de Moraes.<\/p>\n<p>A temperatura m\u00ednima fica em torno de 13\u00b0C, em Teres\u00f3polis, e a m\u00e1xima prevista \u00e9 de 36\u00b0C, em Santa Maria Madalena. Na capital, a umidade relativa do ar varia entre 40% e 90%.<\/p>\n<p>As informa\u00e7\u00f5es s\u00e3o do Instituto Nacional de Meteorologia.<br \/>\n\u00a0<\/p>\n<p>\t\t\t\t\t\t\t\t\t<img loading=\"lazy\" decoding=\"async\" src=\"https:\/\/brasil61.com\/api\/v1\/serve_pixel\/17677\/74500\" alt=\"Pixel Brasil 61\" class=\"b61_pixel\" width=\"0\" height=\"0\"><\/p>\n<input type=\"hidden\" id=\"baseurl\" value=\"https:\/\/noticiasdestaque.com.br\"><input type=\"hidden\" id=\"audio_nonce\" value=\"34245022d4\">","protected":false},"excerpt":{"rendered":"<p>A temperatura m\u00ednima fica em torno de 13\u00b0C, em Teres\u00f3polis, e a m\u00e1xima prevista \u00e9 de 36\u00b0C, em Santa Maria Madalena<\/p>\n","protected":false},"author":1,"featured_media":16227,"comment_status":"open","ping_status":"open","sticky":false,"template":"","format":"standard","meta":{"fifu_image_url":"","fifu_image_alt":"","footnotes":""},"categories":[58],"tags":[],"class_list":["post-16226","post","type-post","status-publish","format-standard","has-post-thumbnail","hentry","category-cotidiano"],"distributor_meta":false,"distributor_terms":false,"distributor_media":false,"distributor_original_site_name":"Noticias em Destaque","distributor_original_site_url":"https:\/\/noticiasdestaque.com.br","push-errors":false,"_links":{"self":[{"href":"https:\/\/noticiasdestaque.com.br\/index.php\/wp-json\/wp\/v2\/posts\/16226","targetHints":{"allow":["GET"]}}],"collection":[{"href":"https:\/\/noticiasdestaque.com.br\/index.php\/wp-json\/wp\/v2\/posts"}],"about":[{"href":"https:\/\/noticiasdestaque.com.br\/index.php\/wp-json\/wp\/v2\/types\/post"}],"author":[{"embeddable":true,"href":"https:\/\/noticiasdestaque.com.br\/index.php\/wp-json\/wp\/v2\/users\/1"}],"replies":[{"embeddable":true,"href":"https:\/\/noticiasdestaque.com.br\/index.php\/wp-json\/wp\/v2\/comments?post=16226"}],"version-history":[{"count":0,"href":"https:\/\/noticiasdestaque.com.br\/index.php\/wp-json\/wp\/v2\/posts\/16226\/revisions"}],"wp:featuredmedia":[{"embeddable":true,"href":"https:\/\/noticiasdestaque.com.br\/index.php\/wp-json\/wp\/v2\/media\/16227"}],"wp:attachment":[{"href":"https:\/\/noticiasdestaque.com.br\/index.php\/wp-json\/wp\/v2\/media?parent=16226"}],"wp:term":[{"taxonomy":"category","embeddable":true,"href":"https:\/\/noticiasdestaque.com.br\/index.php\/wp-json\/wp\/v2\/categories?post=16226"},{"taxonomy":"post_tag","embeddable":true,"href":"https:\/\/noticiasdestaque.com.br\/index.php\/wp-json\/wp\/v2\/tags?post=16226"}],"curies":[{"name":"wp","href":"https:\/\/api.w.org\/{rel}","templated":true}]}}