{"id":16124,"date":"2024-08-21T01:31:00","date_gmt":"2024-08-21T01:31:00","guid":{"rendered":"https:\/\/noticiasdestaque.com.br\/index.php\/2024\/08\/21\/justica-mineira-suspende-atividades-de-mineradora-na-serra-do-curral\/"},"modified":"2024-08-21T01:31:00","modified_gmt":"2024-08-21T01:31:00","slug":"justica-mineira-suspende-atividades-de-mineradora-na-serra-do-curral","status":"publish","type":"post","link":"https:\/\/noticiasdestaque.com.br\/index.php\/2024\/08\/21\/justica-mineira-suspende-atividades-de-mineradora-na-serra-do-curral\/","title":{"rendered":"Justi\u00e7a mineira suspende atividades de mineradora na Serra do Curral"},"content":{"rendered":"<style> bloco.meta {font-style: italic; color: #666;font-weight: 600;font-size: .8em; \/* line-height: .3em; *\/}  text h2 { font-weight: 700 !important;  color: #062f46 !important;} text img { width: none; left: none;}<\/style>\n<\/p>\n<p>A Justi\u00e7a de Minas Gerais determinou nesta ter\u00e7a-feira (20) a suspens\u00e3o imediata de todas as atividades da mineradora Empresa de Minera\u00e7\u00e3o Pau Branco (Empabra) na Mina Corumi, que fica nas proximidades da Serra do Curral. A medida  vale para lavra de min\u00e9rio de ferro e transporte de materiais depositados ou extra\u00eddos, o que inclui tr\u00e1fego de caminh\u00f5es de carregamento de fino de min\u00e9rio.<aimg src=\"https:\/\/aagenciabrasil.ebc.com.br\/ebc.apng?id=1608671 o=node\" style=\"width:1px; height:1px; display:inline;\"><\/aimg><aimg src=\"https:\/\/aagenciabrasil.ebc.com.br\/ebc.agif?id=1608671 o=node\" style=\"width:1px; height:1px; display:inline;\"><\/aimg><\/p>\n<p>A decis\u00e3o atende ao pedido do Minist\u00e9rio P\u00fablico de Minas Gerais (MPMG), feito por meio de A\u00e7\u00e3o Civil P\u00fablica (ACP) em 24 de julho deste ano. O MP argumentou que a explora\u00e7\u00e3o miner\u00e1ria \u00e9 predat\u00f3ria e ilegal, e que h\u00e1 descumprimento reiterado de obriga\u00e7\u00f5es assumidas para a recupera\u00e7\u00e3o ambiental da \u00e1rea.<\/p>\n<p>A 9\u00aa Vara C\u00edvel de Belo Horizonte tamb\u00e9m determinou a elabora\u00e7\u00e3o de Plano de Fechamento de Mina no prazo m\u00e1ximo de 30 dias. Deve ser apresentado um cronograma executivo e um plano para recupera\u00e7\u00e3o de todas as \u00e1reas degradadas e alteradas no empreendimento, assim como a defini\u00e7\u00e3o do uso futuro da \u00e1rea recuperada.<\/p>\n<p>A Empabra ser\u00e1 obrigada a contratar, tamb\u00e9m em at\u00e9 30 dias, uma auditoria t\u00e9cnica independente para acompanhar as medidas de recupera\u00e7\u00e3o das \u00e1reas degradadas e garantir a seguran\u00e7a das estruturas do local. A empresa pode pagar multa di\u00e1ria de R$ 50 mil caso n\u00e3o cumpra as medidas impostas pela justi\u00e7a.<\/p>\n<h2>Hist\u00f3rico<\/h2>\n<p>A extra\u00e7\u00e3o mineral no local \u00e9 proibida. Em outubro do ano passado, a Ag\u00eancia Nacional de Minera\u00e7\u00e3o (ANM) permitiu a retirada de 800 mil toneladas de min\u00e9rio que j\u00e1 haviam sido beneficiados e estavam estocados. Com a movimenta\u00e7\u00e3o de caminh\u00f5es, moradores das comunidades vizinhas e ativistas do F\u00f3rum Pemanente S\u00e3o Francisco e do Projeto Manuelz\u00e3o passaram a questionar os \u00f3rg\u00e3os p\u00fablicos, pois desconfiavam que a Empabra teria voltado a extrair min\u00e9rio.<\/p>\n<p>As suspeitas de atividade ilegal ganharam for\u00e7a em vistoria da prefeitura de Belo Horizonte em maio desse ano. A mina e todas as atividades da empresa foram totalmente interditadas. Houve autua\u00e7\u00e3o por crime ambiental e foi aplicada multa de R$ 64,9 mil.<\/p>\n<p>A mina Granja Corumi existe desde a d\u00e9cada de 1950. Com a Serra do Curral tombada como patrim\u00f4nio de Belo Horizonte em 1990, as atividades no local foram reduzidas. Em 2007, a Empabra firmou um compromisso com o Minist\u00e9rio P\u00fablico de Minas Gerais (MPMG) para elaborar um plano de recupera\u00e7\u00e3o da \u00e1rea degradada. Na \u00e9poca, den\u00fancias indicavam riscos para a integridade do Parque Estadual da Baleia. Diante do descumprimento parcial do acordo, as atividades da mineradora foram embargadas temporariamente pela Secretaria de Estado de Meio Ambiente e Desenvolvimento Sustent\u00e1vel (Semad) em 2018.<\/p>\n<p>No ano seguinte, o relat\u00f3rio final de uma Comiss\u00e3o Parlamentar de Inqu\u00e9rito (CPI) instaurada pela C\u00e2mara de Vereadores de Belo Horizonte pediu a suspens\u00e3o definitiva da extra\u00e7\u00e3o de min\u00e9rio na Mina Granja Corumi. O documento sugeriu ao MPMG que fosse solicitado bloqueio judicial dos bens da Empabra at\u00e9 a resolu\u00e7\u00e3o das quest\u00f5es trabalhistas e a recupera\u00e7\u00e3o da \u00e1rea degradada.<\/p>\n<p>A reportagem da <strong>Ag\u00eancia Brasil<\/strong> tenta contato com a Empabra e atualizar\u00e1 a mat\u00e9ria caso consiga nota de posicionamento<\/p>\n<p class=\"alt-font font-italic my-2 small text-info\">\n                                                Edi\u00e7\u00e3o:   Aline Leal                    <\/p>\n<p>            <!-- blog End --><\/p>\n<p>            <!-- tag and share --><\/p>\n<p> Fonte: EBC <\/p>\n<input type=\"hidden\" id=\"baseurl\" value=\"https:\/\/noticiasdestaque.com.br\"><input type=\"hidden\" id=\"audio_nonce\" value=\"6f73a554f1\">","protected":false},"excerpt":{"rendered":"<p>MP argumentou que Empabra descumpriu obriga\u00e7\u00f5es<\/p>\n","protected":false},"author":1,"featured_media":16126,"comment_status":"open","ping_status":"open","sticky":false,"template":"","format":"standard","meta":{"fifu_image_url":"","fifu_image_alt":"","footnotes":""},"categories":[1],"tags":[106],"class_list":["post-16124","post","type-post","status-publish","format-standard","has-post-thumbnail","hentry","category-uncategorized","tag-brunna-pareja"],"distributor_meta":false,"distributor_terms":false,"distributor_media":false,"distributor_original_site_name":"Noticias em Destaque","distributor_original_site_url":"https:\/\/noticiasdestaque.com.br","push-errors":false,"_links":{"self":[{"href":"https:\/\/noticiasdestaque.com.br\/index.php\/wp-json\/wp\/v2\/posts\/16124","targetHints":{"allow":["GET"]}}],"collection":[{"href":"https:\/\/noticiasdestaque.com.br\/index.php\/wp-json\/wp\/v2\/posts"}],"about":[{"href":"https:\/\/noticiasdestaque.com.br\/index.php\/wp-json\/wp\/v2\/types\/post"}],"author":[{"embeddable":true,"href":"https:\/\/noticiasdestaque.com.br\/index.php\/wp-json\/wp\/v2\/users\/1"}],"replies":[{"embeddable":true,"href":"https:\/\/noticiasdestaque.com.br\/index.php\/wp-json\/wp\/v2\/comments?post=16124"}],"version-history":[{"count":1,"href":"https:\/\/noticiasdestaque.com.br\/index.php\/wp-json\/wp\/v2\/posts\/16124\/revisions"}],"predecessor-version":[{"id":16125,"href":"https:\/\/noticiasdestaque.com.br\/index.php\/wp-json\/wp\/v2\/posts\/16124\/revisions\/16125"}],"wp:featuredmedia":[{"embeddable":true,"href":"https:\/\/noticiasdestaque.com.br\/index.php\/wp-json\/wp\/v2\/media\/16126"}],"wp:attachment":[{"href":"https:\/\/noticiasdestaque.com.br\/index.php\/wp-json\/wp\/v2\/media?parent=16124"}],"wp:term":[{"taxonomy":"category","embeddable":true,"href":"https:\/\/noticiasdestaque.com.br\/index.php\/wp-json\/wp\/v2\/categories?post=16124"},{"taxonomy":"post_tag","embeddable":true,"href":"https:\/\/noticiasdestaque.com.br\/index.php\/wp-json\/wp\/v2\/tags?post=16124"}],"curies":[{"name":"wp","href":"https:\/\/api.w.org\/{rel}","templated":true}]}}