{"id":16065,"date":"2024-08-19T19:30:00","date_gmt":"2024-08-19T22:30:00","guid":{"rendered":"https:\/\/noticiasdestaque.com.br\/index.php\/2024\/08\/19\/previsao-do-tempo-terca-feira-20-com-alerta-para-onda-de-calor-e-baixa-umidade-em-minas-gerais\/"},"modified":"2024-08-19T19:30:00","modified_gmt":"2024-08-19T22:30:00","slug":"previsao-do-tempo-terca-feira-20-com-alerta-para-onda-de-calor-e-baixa-umidade-em-minas-gerais","status":"publish","type":"post","link":"https:\/\/noticiasdestaque.com.br\/index.php\/2024\/08\/19\/previsao-do-tempo-terca-feira-20-com-alerta-para-onda-de-calor-e-baixa-umidade-em-minas-gerais\/","title":{"rendered":"PREVIS\u00c3O DO TEMPO: ter\u00e7a-feira (20) com alerta para onda de calor e baixa umidade em Minas Gerais"},"content":{"rendered":"<p>\t\t\t\t\t\t\t\t\t\t<audio controls class=\"b61_audio_player\" data-noticia=\"74343\" src=\"https:\/\/brasil61.com\/rails\/active_storage\/blobs\/eyJfcmFpbHMiOnsibWVzc2FnZSI6IkJBaHBBMC94QWc9PSIsImV4cCI6bnVsbCwicHVyIjoiYmxvYl9pZCJ9fQ==--09978699ab0e68b98d03899f3845cb7f9b8c4fc4\/PTSD243750A\"><\/audio><\/p>\n<p>Nesta ter\u00e7a-feira (20), o Instituto Nacional de Meteorologia (Inmet) alerta para perigo de onda de calor no sul, sudoeste de Minas, Campo das Vertentes e Tri\u00e2ngulo Mineiro\/Alto Parana\u00edba, em cidades como Barbacena, Extrema e Itajub\u00e1.<\/p>\n<p>Tamb\u00e9m h\u00e1 alerta para baixa umidade em todo o estado de Minas Gerais, atingindo munic\u00edpios como Ouro Branco, Pe\u00e7anha e S\u00e3o Louren\u00e7o.<\/p>\n<p>A previs\u00e3o \u00e9 de varia\u00e7\u00e3o de nuvens.<\/p>\n<p>A temperatura m\u00ednima fica em torno de 12\u00b0C, em Sapuca\u00ed-Mirim, e a m\u00e1xima prevista \u00e9 de 36\u00baC, em Santa Vit\u00f3ria. A umidade relativa do ar varia entre 15% e 60%.<\/p>\n<p>As informa\u00e7\u00f5es s\u00e3o do Instituto Nacional de Meteorologia.<\/p>\n<p>\u00a0<\/p>\n<p>\t\t\t\t\t\t\t\t\t<img loading=\"lazy\" decoding=\"async\" src=\"https:\/\/brasil61.com\/api\/v1\/serve_pixel\/17677\/74343\" alt=\"Pixel Brasil 61\" class=\"b61_pixel\" width=\"0\" height=\"0\"><\/p>\n<input type=\"hidden\" id=\"baseurl\" value=\"https:\/\/noticiasdestaque.com.br\"><input type=\"hidden\" id=\"audio_nonce\" value=\"6f73a554f1\">","protected":false},"excerpt":{"rendered":"<p>A temperatura pode variar entre 12\u00baC e 36\u00baC<\/p>\n","protected":false},"author":1,"featured_media":16066,"comment_status":"open","ping_status":"open","sticky":false,"template":"","format":"standard","meta":{"fifu_image_url":"","fifu_image_alt":"","footnotes":""},"categories":[58],"tags":[],"class_list":["post-16065","post","type-post","status-publish","format-standard","has-post-thumbnail","hentry","category-cotidiano"],"distributor_meta":false,"distributor_terms":false,"distributor_media":false,"distributor_original_site_name":"Noticias em Destaque","distributor_original_site_url":"https:\/\/noticiasdestaque.com.br","push-errors":false,"_links":{"self":[{"href":"https:\/\/noticiasdestaque.com.br\/index.php\/wp-json\/wp\/v2\/posts\/16065","targetHints":{"allow":["GET"]}}],"collection":[{"href":"https:\/\/noticiasdestaque.com.br\/index.php\/wp-json\/wp\/v2\/posts"}],"about":[{"href":"https:\/\/noticiasdestaque.com.br\/index.php\/wp-json\/wp\/v2\/types\/post"}],"author":[{"embeddable":true,"href":"https:\/\/noticiasdestaque.com.br\/index.php\/wp-json\/wp\/v2\/users\/1"}],"replies":[{"embeddable":true,"href":"https:\/\/noticiasdestaque.com.br\/index.php\/wp-json\/wp\/v2\/comments?post=16065"}],"version-history":[{"count":0,"href":"https:\/\/noticiasdestaque.com.br\/index.php\/wp-json\/wp\/v2\/posts\/16065\/revisions"}],"wp:featuredmedia":[{"embeddable":true,"href":"https:\/\/noticiasdestaque.com.br\/index.php\/wp-json\/wp\/v2\/media\/16066"}],"wp:attachment":[{"href":"https:\/\/noticiasdestaque.com.br\/index.php\/wp-json\/wp\/v2\/media?parent=16065"}],"wp:term":[{"taxonomy":"category","embeddable":true,"href":"https:\/\/noticiasdestaque.com.br\/index.php\/wp-json\/wp\/v2\/categories?post=16065"},{"taxonomy":"post_tag","embeddable":true,"href":"https:\/\/noticiasdestaque.com.br\/index.php\/wp-json\/wp\/v2\/tags?post=16065"}],"curies":[{"name":"wp","href":"https:\/\/api.w.org\/{rel}","templated":true}]}}