{"id":16059,"date":"2024-08-14T03:00:00","date_gmt":"2024-08-14T06:00:00","guid":{"rendered":"https:\/\/noticiasdestaque.com.br\/index.php\/2024\/08\/14\/993-das-criancas-de-ate-5-anos-tem-registro-de-nascimento-em-cartorio\/"},"modified":"2024-08-14T03:00:00","modified_gmt":"2024-08-14T06:00:00","slug":"993-das-criancas-de-ate-5-anos-tem-registro-de-nascimento-em-cartorio","status":"publish","type":"post","link":"https:\/\/noticiasdestaque.com.br\/index.php\/2024\/08\/14\/993-das-criancas-de-ate-5-anos-tem-registro-de-nascimento-em-cartorio\/","title":{"rendered":"99,3% das crian\u00e7as de at\u00e9 5 anos t\u00eam registro de nascimento em cart\u00f3rio"},"content":{"rendered":"<p>\t\t\t\t\t\t\t\t\t\t<audio controls class=\"b61_audio_player\" data-noticia=\"74153\" src=\"https:\/\/brasil61.com\/rails\/active_storage\/blobs\/eyJfcmFpbHMiOnsibWVzc2FnZSI6IkJBaHBBNlR2QWc9PSIsImV4cCI6bnVsbCwicHVyIjoiYmxvYl9pZCJ9fQ==--9bcc056ca26b321fc531b9b65698a56cdd929af6\/BRAS2412385B\"><\/audio><\/p>\n<p>\t\t\t\t\t\t\t\t\t\t<audio controls class=\"b61_audio_player\" data-noticia=\"74153\" src=\"https:\/\/brasil61.com\/rails\/active_storage\/blobs\/eyJfcmFpbHMiOnsibWVzc2FnZSI6IkJBaHBBNS92QWc9PSIsImV4cCI6bnVsbCwicHVyIjoiYmxvYl9pZCJ9fQ==--303050b9f6f79f486e58c87ce177e17baffa1c04\/BRAS2412385A\"><\/audio><\/p>\n<p>Um suplemento do Censo 2022,\u00a0divulgado pelo Instituto Brasileiro de Geografia e Estat\u00edstica (IBGE), mostra que 99,3% das crian\u00e7as de at\u00e9 5 anos, s\u00e3o registradas em cart\u00f3rio. O n\u00famero \u00e9 um avan\u00e7o em rela\u00e7\u00e3o a 2010, quando o Censo registrou 97,3% das crian\u00e7as nessa idade registradas. Isso significa que, em n\u00fameros absolutos, 15,2 das 15,3 milh\u00f5es de crian\u00e7as brasileiras nessa faixa de idade foram registradas.<\/p>\n<p>Os \u00edndices levantados agora v\u00e3o na mesma dire\u00e7\u00e3o dos objetivos de desenvolvimento sustent\u00e1vel da Organiza\u00e7\u00e3o das Na\u00e7\u00f5es Unidas (ONU), que pretende conferir identidade jur\u00eddica para todos os brasileiros. O indicador da ONU estipula a universaliza\u00e7\u00e3o do registro de crian\u00e7as menores de 5 anos e os dados mostram que, se o Brasil levar em conta apenas esse universo, o \u00edndice nacional est\u00e1 em 99,2%.<\/p>\n<p>O levantamento ainda revela que entre os menores de 1 an, a cobertura subiu de 93% em 2010 para 98% em 2022. Com um ano completo, a propor\u00e7\u00e3o aumentou de 97% para 99%. Para as crian\u00e7as de 2 a 5 anos a taxa avan\u00e7ou de 98 para 99,5%.\u00a0<\/p>\n<h2>Norte: abaixo da m\u00e9dia nacional, mas registra avan\u00e7os\u00a0<\/h2>\n<p>Em todas as regi\u00f5es do pa\u00eds, apenas o Norte est\u00e1 abaixo da m\u00e9dia nacional \u2014 com 97,3% de pessoas com at\u00e9 5 anos de idade com registro de nascimento em cart\u00f3rio. Apesar disso, a regi\u00e3o teve o maior aumento entre os censos realizados, com avan\u00e7o de 4,7 pontos percentuais.<\/p>\n<p>Apesar de estarem pr\u00f3ximos a isso, Paran\u00e1, Esp\u00edrito Santo e Minas Gerais ainda n\u00e3o alcan\u00e7aram a universaliza\u00e7\u00e3o, mas chegaram a 99,7% das crian\u00e7as registradas. S\u00e3o Paulo, que tem a maior popula\u00e7\u00e3o do pa\u00eds, tem 99,6%. No Rio Grande do Sul, 42,1% dos munic\u00edpios alcan\u00e7aram 100% de crian\u00e7as de at\u00e9 cinco anos registradas em\u00a0cart\u00f3rio, seguido por Santa Catarina, com 30,5%, e Minas Gerais, chegando a 30% dos munic\u00edpios alcan\u00e7ando a universaliza\u00e7\u00e3o.<br \/>\n\u00a0<\/p>\n<p>\t\t\t\t\t\t\t\t\t<img loading=\"lazy\" decoding=\"async\" src=\"https:\/\/brasil61.com\/api\/v1\/serve_pixel\/17677\/74153\" alt=\"Pixel Brasil 61\" class=\"b61_pixel\" width=\"0\" height=\"0\"><\/p>\n<input type=\"hidden\" id=\"baseurl\" value=\"https:\/\/noticiasdestaque.com.br\"><input type=\"hidden\" id=\"audio_nonce\" value=\"6a24ca502e\">","protected":false},"excerpt":{"rendered":"<p>N\u00fameros mostram que pa\u00eds avan\u00e7ou desde 2010, quando o percentual era 97,3% de crian\u00e7as registradas <\/p>\n","protected":false},"author":1,"featured_media":16060,"comment_status":"open","ping_status":"open","sticky":false,"template":"","format":"standard","meta":{"fifu_image_url":"","fifu_image_alt":"","footnotes":""},"categories":[48],"tags":[],"class_list":["post-16059","post","type-post","status-publish","format-standard","has-post-thumbnail","hentry","category-mundo"],"distributor_meta":false,"distributor_terms":false,"distributor_media":false,"distributor_original_site_name":"Noticias em Destaque","distributor_original_site_url":"https:\/\/noticiasdestaque.com.br","push-errors":false,"_links":{"self":[{"href":"https:\/\/noticiasdestaque.com.br\/index.php\/wp-json\/wp\/v2\/posts\/16059","targetHints":{"allow":["GET"]}}],"collection":[{"href":"https:\/\/noticiasdestaque.com.br\/index.php\/wp-json\/wp\/v2\/posts"}],"about":[{"href":"https:\/\/noticiasdestaque.com.br\/index.php\/wp-json\/wp\/v2\/types\/post"}],"author":[{"embeddable":true,"href":"https:\/\/noticiasdestaque.com.br\/index.php\/wp-json\/wp\/v2\/users\/1"}],"replies":[{"embeddable":true,"href":"https:\/\/noticiasdestaque.com.br\/index.php\/wp-json\/wp\/v2\/comments?post=16059"}],"version-history":[{"count":0,"href":"https:\/\/noticiasdestaque.com.br\/index.php\/wp-json\/wp\/v2\/posts\/16059\/revisions"}],"wp:featuredmedia":[{"embeddable":true,"href":"https:\/\/noticiasdestaque.com.br\/index.php\/wp-json\/wp\/v2\/media\/16060"}],"wp:attachment":[{"href":"https:\/\/noticiasdestaque.com.br\/index.php\/wp-json\/wp\/v2\/media?parent=16059"}],"wp:term":[{"taxonomy":"category","embeddable":true,"href":"https:\/\/noticiasdestaque.com.br\/index.php\/wp-json\/wp\/v2\/categories?post=16059"},{"taxonomy":"post_tag","embeddable":true,"href":"https:\/\/noticiasdestaque.com.br\/index.php\/wp-json\/wp\/v2\/tags?post=16059"}],"curies":[{"name":"wp","href":"https:\/\/api.w.org\/{rel}","templated":true}]}}