{"id":16057,"date":"2024-08-12T03:00:00","date_gmt":"2024-08-12T06:00:00","guid":{"rendered":"https:\/\/noticiasdestaque.com.br\/index.php\/2024\/08\/12\/visitantes-e-expositores-do-8o-salao-do-turismo-contam-suas-experiencias-no-evento\/"},"modified":"2024-08-12T03:00:00","modified_gmt":"2024-08-12T06:00:00","slug":"visitantes-e-expositores-do-8o-salao-do-turismo-contam-suas-experiencias-no-evento","status":"publish","type":"post","link":"https:\/\/noticiasdestaque.com.br\/index.php\/2024\/08\/12\/visitantes-e-expositores-do-8o-salao-do-turismo-contam-suas-experiencias-no-evento\/","title":{"rendered":"Visitantes e expositores do 8\u00ba Sal\u00e3o do Turismo contam suas experi\u00eancias no evento"},"content":{"rendered":"<p>\t\t\t\t\t\t\t\t\t\t<audio controls class=\"b61_audio_player\" data-noticia=\"74092\" src=\"https:\/\/brasil61.com\/rails\/active_storage\/blobs\/eyJfcmFpbHMiOnsibWVzc2FnZSI6IkJBaHBBNm51QWc9PSIsImV4cCI6bnVsbCwicHVyIjoiYmxvYl9pZCJ9fQ==--3a22f153cd0cce0dc87153099079b00a1150a90d\/MTUR240010A\"><\/audio><\/p>\n<p>Atrativos naturais, culturais, gastron\u00f4micos, palestras, shows e muito mais.<\/p>\n<p>Estas foram algumas das v\u00e1rias op\u00e7\u00f5es dispon\u00edveis ao p\u00fablico do 8\u00b0 Sal\u00e3o do Turismo: Conhe\u00e7a o Brasil, promovido pelo Minist\u00e9rio do Turismo desde a \u00faltima quinta-feira at\u00e9 domingo, 11 de agosto, no Rio de Janeiro.<\/p>\n<p>Durante quatro dias, os visitantes do maior evento do setor no pa\u00eds puderam conferir de perto as riquezas de todas as regi\u00f5es do territ\u00f3rio nacional.<\/p>\n<p>Uma delas foi In\u00eas Belarmino, que comemorou a oportunidade de participar do Sal\u00e3o:<\/p>\n<p>\u201cEu terminei, na semana passada, o meu curso t\u00e9cnico de guia de turismo e hoje eu estou aqui, na feira de turismo, no Riocentro. Eu t\u00f4 encantada, eu t\u00f4 maravilhada! Cada dia eu fico mais apaixonada pelo turismo\u201d.\u00a0<\/p>\n<p>A chance de estar no Sal\u00e3o tamb\u00e9m foi celebrada por expositores da feira, onde o p\u00fablico pode provar e comprar produtos como caf\u00e9s, cacha\u00e7as artesanais, vinhos e chocolates 100% brasileiros, entre diversos outros.<\/p>\n<p>Vivian Casasola, do Rio Grande do Sul, apontou benef\u00edcios do evento:<\/p>\n<p>\u201c\u00c9 um prazer estar aqui nessa feira! Eu n\u00e3o tinha no\u00e7\u00e3o do tamanho que isso daqui representa. E estar aqui hoje, representando o meu estado, o Rio Grande do Sul, depois de tudo que aconteceu, est\u00e1 sendo muito emocionante\u201d.<\/p>\n<p>Com o tema central \u201cExperi\u00eancias do Brasil: o turismo respons\u00e1vel e inclusivo impulsionando o desenvolvimento sustent\u00e1vel\u201d, o Sal\u00e3o proporcionou, ainda, que 30 estudantes de turismo atuassem como volunt\u00e1rios do evento.<\/p>\n<p>Isso foi poss\u00edvel gra\u00e7as a uma parceria do Minist\u00e9rio do Turismo com tr\u00eas universidades p\u00fablicas do Rio de Janeiro, que permitiu aos alunos fortalecer a forma\u00e7\u00e3o pr\u00e1tica na \u00e1rea e obter certificados de participa\u00e7\u00e3o.<\/p>\n<p>Um deles, Bruno Barreto, afirmou que a experi\u00eancia aprimora o seu aprendizado:<\/p>\n<p>\u201c\u00c9 importante pra enriquecer e implementar a minha vis\u00e3o quanto ao mercado do turismo. Aqui eu t\u00f4 podendo ter contato direto com profissionais experientes j\u00e1. T\u00f4 fazendo contatos com o Minist\u00e9rio do Turismo, as empresas de turismo\u201d<\/p>\n<p>O Sal\u00e3o teve a presen\u00e7a dos 26 estados e do Distrito Federal, reunindo o melhor da oferta tur\u00edstica nacional.<\/p>\n<p>O ministro do Turismo, Celso Sabino, agradeceu a uni\u00e3o de esfor\u00e7os pela promo\u00e7\u00e3o do evento;<\/p>\n<p>\u201cAgradecer a todos por essa grande realiza\u00e7\u00e3o. E tamb\u00e9m a cada secret\u00e1rio de Estado que permitiu trazer pra c\u00e1 a cultura, a culin\u00e1ria. Esse Sal\u00e3o \u00e9 de cada um de voc\u00eas que vieram. Muito, muito obrigado a todos do trade, os empres\u00e1rios aqui presentes\u201d.<\/p>\n<p>O Sal\u00e3o do Turismo foi organizado em parceria com a Fecom\u00e9rcio-RJ, o Sebrae Nacional, o SESC, o SENAC, a Secretaria de Estado de Turismo do Rio e a Prefeitura Municipal.<\/p>\n<p>\u00a0<\/p>\n<p>\t\t\t\t\t\t\t\t\t<img loading=\"lazy\" decoding=\"async\" src=\"https:\/\/brasil61.com\/api\/v1\/serve_pixel\/17677\/74092\" alt=\"Pixel Brasil 61\" class=\"b61_pixel\" width=\"0\" height=\"0\"><\/p>\n<input type=\"hidden\" id=\"baseurl\" value=\"https:\/\/noticiasdestaque.com.br\"><input type=\"hidden\" id=\"audio_nonce\" value=\"6a24ca502e\">","protected":false},"excerpt":{"rendered":"<p>Durante quatro dias, os visitantes do maior evento do setor no pa\u00eds puderam conferir de perto as riquezas de todas as regi\u00f5es do territ\u00f3rio nacional<\/p>\n","protected":false},"author":1,"featured_media":16058,"comment_status":"open","ping_status":"open","sticky":false,"template":"","format":"standard","meta":{"fifu_image_url":"","fifu_image_alt":"","footnotes":""},"categories":[48],"tags":[],"class_list":["post-16057","post","type-post","status-publish","format-standard","has-post-thumbnail","hentry","category-mundo"],"distributor_meta":false,"distributor_terms":false,"distributor_media":false,"distributor_original_site_name":"Noticias em Destaque","distributor_original_site_url":"https:\/\/noticiasdestaque.com.br","push-errors":false,"_links":{"self":[{"href":"https:\/\/noticiasdestaque.com.br\/index.php\/wp-json\/wp\/v2\/posts\/16057","targetHints":{"allow":["GET"]}}],"collection":[{"href":"https:\/\/noticiasdestaque.com.br\/index.php\/wp-json\/wp\/v2\/posts"}],"about":[{"href":"https:\/\/noticiasdestaque.com.br\/index.php\/wp-json\/wp\/v2\/types\/post"}],"author":[{"embeddable":true,"href":"https:\/\/noticiasdestaque.com.br\/index.php\/wp-json\/wp\/v2\/users\/1"}],"replies":[{"embeddable":true,"href":"https:\/\/noticiasdestaque.com.br\/index.php\/wp-json\/wp\/v2\/comments?post=16057"}],"version-history":[{"count":0,"href":"https:\/\/noticiasdestaque.com.br\/index.php\/wp-json\/wp\/v2\/posts\/16057\/revisions"}],"wp:featuredmedia":[{"embeddable":true,"href":"https:\/\/noticiasdestaque.com.br\/index.php\/wp-json\/wp\/v2\/media\/16058"}],"wp:attachment":[{"href":"https:\/\/noticiasdestaque.com.br\/index.php\/wp-json\/wp\/v2\/media?parent=16057"}],"wp:term":[{"taxonomy":"category","embeddable":true,"href":"https:\/\/noticiasdestaque.com.br\/index.php\/wp-json\/wp\/v2\/categories?post=16057"},{"taxonomy":"post_tag","embeddable":true,"href":"https:\/\/noticiasdestaque.com.br\/index.php\/wp-json\/wp\/v2\/tags?post=16057"}],"curies":[{"name":"wp","href":"https:\/\/api.w.org\/{rel}","templated":true}]}}