{"id":16055,"date":"2024-08-11T10:10:00","date_gmt":"2024-08-11T13:10:00","guid":{"rendered":"https:\/\/noticiasdestaque.com.br\/index.php\/2024\/08\/11\/conselho-nacional-de-turismo-se-reune-e-reafirma-compromissos-prioritarios-no-setor\/"},"modified":"2024-08-11T10:10:00","modified_gmt":"2024-08-11T13:10:00","slug":"conselho-nacional-de-turismo-se-reune-e-reafirma-compromissos-prioritarios-no-setor","status":"publish","type":"post","link":"https:\/\/noticiasdestaque.com.br\/index.php\/2024\/08\/11\/conselho-nacional-de-turismo-se-reune-e-reafirma-compromissos-prioritarios-no-setor\/","title":{"rendered":"Conselho Nacional de Turismo se re\u00fane e reafirma compromissos priorit\u00e1rios no setor"},"content":{"rendered":"<p>\t\t\t\t\t\t\t\t\t\t<audio controls class=\"b61_audio_player\" data-noticia=\"74086\" src=\"https:\/\/brasil61.com\/rails\/active_storage\/blobs\/eyJfcmFpbHMiOnsibWVzc2FnZSI6IkJBaHBBNXJ1QWc9PSIsImV4cCI6bnVsbCwicHVyIjoiYmxvYl9pZCJ9fQ==--f944c86ab5f00dfe00c3e526d124615b0b4afe1b\/MTUR240009A\"><\/audio><\/p>\n<p>O oitavo Sal\u00e3o do Turismo: Conhe\u00e7a o Brasil, no Rio de Janeiro (RJ), foi palco, neste s\u00e1bado (10\/08), de reuni\u00e3o do Conselho Nacional de Turismo, o CNT.<\/p>\n<p>Composto por gestores p\u00fablicos e privados do setor, representantes da sociedade civil e acad\u00eamicos, o CNT participa ativamente da defini\u00e7\u00e3o dos rumos do segmento no pa\u00eds.<\/p>\n<p>A pauta do encontro incluiu a apresenta\u00e7\u00e3o dos trabalhos das c\u00e2maras tem\u00e1ticas do colegiado, envolvendo assuntos como a\u00e7\u00f5es voltadas \u00e0 prote\u00e7\u00e3o clim\u00e1tica, seguran\u00e7a tur\u00edstica e a gest\u00e3o de crises e riscos no turismo, como a pandemia da Covid-19 e as recentes chuvas no Rio Grande do Sul.<\/p>\n<p>O ministro do Turismo, Celso Sabino, enalteceu as contribui\u00e7\u00f5es do CNT para o fortalecimento do ramo:<\/p>\n<p>\u201cObrigado pela participa\u00e7\u00e3o decisiva de cada um de voc\u00eas, que culminou na publica\u00e7\u00e3o ontem do nosso Plano Nacional de Desenvolvimento do Turismo para os pr\u00f3ximos anos, at\u00e9 2027. Esse Conselho Nacional de Turismo que foi criado pelo presidente da Rep\u00fablica h\u00e1 20 anos atr\u00e1s, o presidente Lula, foi retomado fortemente no ano passado, ampliada a participa\u00e7\u00e3o da sociedade civil, do Congresso Nacional. Ent\u00e3o, \u00e9 um Conselho bastante plural, aonde todo mundo aqui tem voz, tem vez, participa\u201d.<\/p>\n<p>Na presen\u00e7a da ministra das Mulheres, Cida Gon\u00e7alves, Celso Sabino destacou a import\u00e2ncia da ades\u00e3o do Minist\u00e9rio do Turismo \u00e0 Articula\u00e7\u00e3o Nacional pelo Feminic\u00eddio Zero, desenvolvida pelo governo federal e que busca promover a prote\u00e7\u00e3o de mulheres.<\/p>\n<p>A reuni\u00e3o do CNT tamb\u00e9m marcou a apresenta\u00e7\u00e3o da nova secret\u00e1ria executiva do Conselho, Cristiane Sampaio, que tamb\u00e9m ocupa o cargo de secret\u00e1ria nacional substituta de Pol\u00edticas de Turismo do Minist\u00e9rio do Turismo.<\/p>\n<p>Cristiane garantiu a continuidade da coopera\u00e7\u00e3o com o CNT e celebrou a realiza\u00e7\u00e3o do encontro no Sal\u00e3o do Turismo:<\/p>\n<p>\u201cA realiza\u00e7\u00e3o tamb\u00e9m do Conselho aqui no Sal\u00e3o do Turismo fortalece esse elo dos entes envolvidos a\u00ed na cena do turismo, ne, no objetivo do turismo sustent\u00e1vel, e a gente s\u00f3 tem a comemorar aqui. O ente nosso enquanto federal, inst\u00e2ncia federal, o trade, tamb\u00e9m as inst\u00e2ncias municipais. Ent\u00e3o, a gente s\u00f3 tem a agradecer. \u00c9 um momento assim muito, \u00e9 hist\u00f3rico\u201d.<\/p>\n<p>Os debates do CNT envolveram ainda incentivos \u00e0 promo\u00e7\u00e3o do turismo interno, como o 1\u00ba Feir\u00e3o do Turismo.<\/p>\n<p>O evento, entre 24 e 26 de agosto, ter\u00e1 a oferta de condi\u00e7\u00f5es exclusivas e descontos para a compra de passagens a\u00e9reas, pacotes de viagem e hospedagem, entre outros servi\u00e7os, na baixa temporada.<\/p>\n<p>Tamb\u00e9m foram abordados avan\u00e7os em a\u00e7\u00f5es de incentivo ao turismo em comunidades tradicionais, negras e ind\u00edgenas e na regionaliza\u00e7\u00e3o do turismo.<\/p>\n<p>O Sal\u00e3o do Turismo, promovido pelo Minist\u00e9rio do Turismo no Riocentro, come\u00e7ou na \u00faltima quinta-feira (08\/08) e segue at\u00e9 este domingo, 11 de agosto.<\/p>\n<p>O evento \u00e9 organizado em parceria com a Fecom\u00e9rcio-RJ, o Sebrae Nacional, o SESC, o SENAC, a Secretaria de Estado de Turismo do Rio e a Prefeitura Municipal.<\/p>\n<p>\n\u00a0<\/p>\n<p>\t\t\t\t\t\t\t\t\t<img loading=\"lazy\" decoding=\"async\" src=\"https:\/\/brasil61.com\/api\/v1\/serve_pixel\/17677\/74086\" alt=\"Pixel Brasil 61\" class=\"b61_pixel\" width=\"0\" height=\"0\"><\/p>\n<input type=\"hidden\" id=\"baseurl\" value=\"https:\/\/noticiasdestaque.com.br\"><input type=\"hidden\" id=\"audio_nonce\" value=\"6a24ca502e\">","protected":false},"excerpt":{"rendered":"<p>A pauta do encontro incluiu a apresenta\u00e7\u00e3o dos trabalhos das c\u00e2maras tem\u00e1ticas do colegiado, envolvendo assuntos como a\u00e7\u00f5es voltadas \u00e0 prote\u00e7\u00e3o clim\u00e1tica, seguran\u00e7a tur\u00edstica e a gest\u00e3o de crises e riscos no turismo<\/p>\n","protected":false},"author":1,"featured_media":16056,"comment_status":"open","ping_status":"open","sticky":false,"template":"","format":"standard","meta":{"fifu_image_url":"","fifu_image_alt":"","footnotes":""},"categories":[48],"tags":[],"class_list":["post-16055","post","type-post","status-publish","format-standard","has-post-thumbnail","hentry","category-mundo"],"distributor_meta":false,"distributor_terms":false,"distributor_media":false,"distributor_original_site_name":"Noticias em Destaque","distributor_original_site_url":"https:\/\/noticiasdestaque.com.br","push-errors":false,"_links":{"self":[{"href":"https:\/\/noticiasdestaque.com.br\/index.php\/wp-json\/wp\/v2\/posts\/16055","targetHints":{"allow":["GET"]}}],"collection":[{"href":"https:\/\/noticiasdestaque.com.br\/index.php\/wp-json\/wp\/v2\/posts"}],"about":[{"href":"https:\/\/noticiasdestaque.com.br\/index.php\/wp-json\/wp\/v2\/types\/post"}],"author":[{"embeddable":true,"href":"https:\/\/noticiasdestaque.com.br\/index.php\/wp-json\/wp\/v2\/users\/1"}],"replies":[{"embeddable":true,"href":"https:\/\/noticiasdestaque.com.br\/index.php\/wp-json\/wp\/v2\/comments?post=16055"}],"version-history":[{"count":0,"href":"https:\/\/noticiasdestaque.com.br\/index.php\/wp-json\/wp\/v2\/posts\/16055\/revisions"}],"wp:featuredmedia":[{"embeddable":true,"href":"https:\/\/noticiasdestaque.com.br\/index.php\/wp-json\/wp\/v2\/media\/16056"}],"wp:attachment":[{"href":"https:\/\/noticiasdestaque.com.br\/index.php\/wp-json\/wp\/v2\/media?parent=16055"}],"wp:term":[{"taxonomy":"category","embeddable":true,"href":"https:\/\/noticiasdestaque.com.br\/index.php\/wp-json\/wp\/v2\/categories?post=16055"},{"taxonomy":"post_tag","embeddable":true,"href":"https:\/\/noticiasdestaque.com.br\/index.php\/wp-json\/wp\/v2\/tags?post=16055"}],"curies":[{"name":"wp","href":"https:\/\/api.w.org\/{rel}","templated":true}]}}