{"id":16053,"date":"2024-08-17T03:00:00","date_gmt":"2024-08-17T06:00:00","guid":{"rendered":"https:\/\/noticiasdestaque.com.br\/index.php\/2024\/08\/17\/projeto-de-lei-isenta-empresas-de-pagarem-inss-e-fgts-de-aposentados-contratados\/"},"modified":"2024-08-17T03:00:00","modified_gmt":"2024-08-17T06:00:00","slug":"projeto-de-lei-isenta-empresas-de-pagarem-inss-e-fgts-de-aposentados-contratados","status":"publish","type":"post","link":"https:\/\/noticiasdestaque.com.br\/index.php\/2024\/08\/17\/projeto-de-lei-isenta-empresas-de-pagarem-inss-e-fgts-de-aposentados-contratados\/","title":{"rendered":"Projeto de lei isenta empresas de pagarem INSS e FGTS de aposentados contratados"},"content":{"rendered":"<p>\t\t\t\t\t\t\t\t\t\t<audio controls class=\"b61_audio_player\" data-noticia=\"74141\" src=\"https:\/\/brasil61.com\/rails\/active_storage\/blobs\/eyJfcmFpbHMiOnsibWVzc2FnZSI6IkJBaHBBN0R3QWc9PSIsImV4cCI6bnVsbCwicHVyIjoiYmxvYl9pZCJ9fQ==--f01499d87c4a396b27a11715db22fb7c1dc1c5a6\/BRAS2412381B\"><\/audio><\/p>\n<p>O projeto de lei que isenta empresas de pagararem o FGTS e o INSS de aposentados contratados (<a href=\"https:\/\/www25.senado.leg.br\/web\/atividade\/materias\/-\/materia\/158871\" target=\"_blank\" rel=\"noopener\">PL 3.670\/2023<\/a>) foi aprovada pela Comiss\u00e3o de Assuntos Econ\u00f4micos do Senado (CAE). O texto, que seguiu para an\u00e1lise no plen\u00e1rio da Casa,\u00a0estabelece que as empresas s\u00f3 poder\u00e3o se beneficiar da medida se aumentarem o n\u00famero total de funcion\u00e1rios, limitando o benef\u00edcio a 5% do total de empregados com base na folha de pagamento do ano anterior \u00e0 contrata\u00e7\u00e3o.<\/p>\n<p>A relatora do projeto, senadora Margareth Buzetti (PSD-MT), destacou que o objetivo \u00e9 incentivar a contrata\u00e7\u00e3o de aposentados, oferecendo incentivos fiscais \u00e0s empresas que aderirem.\u00a0<\/p>\n<p>Para o\u00a0advogado trabalhista\u00a0Thiago Bernardo Corr\u00eaa, a medida pode gerar um complemento de renda para os trabalhadores, mas\u00a0retira\u00a0direitos b\u00e1sicos.<\/p>\n<p>\u201cSe por um lado [a proposta]\u00a0incentiva as empresas a contratarem mais funcion\u00e1rios com idade avan\u00e7ada, no fim de carreira e que j\u00e1 est\u00e3o aposentados, e ajuda tamb\u00e9m a compor renda \u2014\u00a0porque essas pessoas geralmente recebem uma aposentadoria que n\u00e3o condiz ainda com o custo de vida atual \u2014, por outro lado, prejudica o trabalhador, retirando um dos direitos b\u00e1sicos que \u00e9 o fundo de garantia, porque o fundo de garantia por tempo de servi\u00e7o, o pr\u00f3prio nome j\u00e1 assegura\u00a0a esses funcion\u00e1rios, a qualquer funcion\u00e1rio na verdade, aquela seguran\u00e7a quando ele \u00e9 dispensado, por exemplo\u201d, considera.\u00a0<\/p>\n<p>Com rela\u00e7\u00e3o \u00e0 isen\u00e7\u00e3o da contribui\u00e7\u00e3o previdenci\u00e1ria, Thiago Bernardo Corr\u00eaa\u00a0disse que \u00e9 fundamental avaliar os efeitos a longo prazo para equilibrar os benef\u00edcios fiscais com a sustentabilidade do sistema previdenci\u00e1rio.\u00a0<\/p>\n<p>\u201cCom rela\u00e7\u00e3o ao INSS, por exemplo, j\u00e1 n\u00e3o tem muito efeito, porque o trabalhador que estiver na ativa e registrado, recolhendo as contribui\u00e7\u00f5es previdenci\u00e1rias, s\u00f3 que como aposentado, se ele se machuca, por exemplo, e precisa receber um aux\u00edlio doen\u00e7a ou de acidente de trabalho, ele j\u00e1 n\u00e3o consegue receber esse benef\u00edcio, porque esses benef\u00edcios previdenci\u00e1rios n\u00e3o podem acumular com o benef\u00edcio da aposentadoria\u201d, destaca.<\/p>\n<p>A proposta enfrentou resist\u00eancia durante a vota\u00e7\u00e3o, com pedidos para que a Comiss\u00e3o aguardasse o c\u00e1lculo da Receita Federal sobre o impacto do projeto, especialmente na Previd\u00eancia. Mesmo assim, o presidente da CAE, senador Vanderlan Cardoso (PSD-GO), decidiu seguir com a vota\u00e7\u00e3o, que foi aprovada de forma simb\u00f3lica.<\/p>\n<p>\t\t\t\t\t\t\t\t\t<img loading=\"lazy\" decoding=\"async\" src=\"https:\/\/brasil61.com\/api\/v1\/serve_pixel\/17677\/74141\" alt=\"Pixel Brasil 61\" class=\"b61_pixel\" width=\"0\" height=\"0\"><\/p>\n<input type=\"hidden\" id=\"baseurl\" value=\"https:\/\/noticiasdestaque.com.br\"><input type=\"hidden\" id=\"audio_nonce\" value=\"6a24ca502e\">","protected":false},"excerpt":{"rendered":"<p>A proposta j\u00e1 foi aprovada na Comiss\u00e3o de Assuntos Econ\u00f4micos (CAE) do Senado. O texto segue para an\u00e1lise no plen\u00e1rio da Casa<\/p>\n","protected":false},"author":1,"featured_media":16054,"comment_status":"open","ping_status":"open","sticky":false,"template":"","format":"standard","meta":{"fifu_image_url":"","fifu_image_alt":"","footnotes":""},"categories":[48],"tags":[],"class_list":["post-16053","post","type-post","status-publish","format-standard","has-post-thumbnail","hentry","category-mundo"],"distributor_meta":false,"distributor_terms":false,"distributor_media":false,"distributor_original_site_name":"Noticias em Destaque","distributor_original_site_url":"https:\/\/noticiasdestaque.com.br","push-errors":false,"_links":{"self":[{"href":"https:\/\/noticiasdestaque.com.br\/index.php\/wp-json\/wp\/v2\/posts\/16053","targetHints":{"allow":["GET"]}}],"collection":[{"href":"https:\/\/noticiasdestaque.com.br\/index.php\/wp-json\/wp\/v2\/posts"}],"about":[{"href":"https:\/\/noticiasdestaque.com.br\/index.php\/wp-json\/wp\/v2\/types\/post"}],"author":[{"embeddable":true,"href":"https:\/\/noticiasdestaque.com.br\/index.php\/wp-json\/wp\/v2\/users\/1"}],"replies":[{"embeddable":true,"href":"https:\/\/noticiasdestaque.com.br\/index.php\/wp-json\/wp\/v2\/comments?post=16053"}],"version-history":[{"count":0,"href":"https:\/\/noticiasdestaque.com.br\/index.php\/wp-json\/wp\/v2\/posts\/16053\/revisions"}],"wp:featuredmedia":[{"embeddable":true,"href":"https:\/\/noticiasdestaque.com.br\/index.php\/wp-json\/wp\/v2\/media\/16054"}],"wp:attachment":[{"href":"https:\/\/noticiasdestaque.com.br\/index.php\/wp-json\/wp\/v2\/media?parent=16053"}],"wp:term":[{"taxonomy":"category","embeddable":true,"href":"https:\/\/noticiasdestaque.com.br\/index.php\/wp-json\/wp\/v2\/categories?post=16053"},{"taxonomy":"post_tag","embeddable":true,"href":"https:\/\/noticiasdestaque.com.br\/index.php\/wp-json\/wp\/v2\/tags?post=16053"}],"curies":[{"name":"wp","href":"https:\/\/api.w.org\/{rel}","templated":true}]}}