{"id":16051,"date":"2024-08-20T03:00:00","date_gmt":"2024-08-20T06:00:00","guid":{"rendered":"https:\/\/noticiasdestaque.com.br\/index.php\/2024\/08\/20\/educacao-no-brasil-retoma-trajetoria-pre-pandemia\/"},"modified":"2024-08-20T03:00:00","modified_gmt":"2024-08-20T06:00:00","slug":"educacao-no-brasil-retoma-trajetoria-pre-pandemia","status":"publish","type":"post","link":"https:\/\/noticiasdestaque.com.br\/index.php\/2024\/08\/20\/educacao-no-brasil-retoma-trajetoria-pre-pandemia\/","title":{"rendered":"Educa\u00e7\u00e3o no Brasil retoma trajet\u00f3ria pr\u00e9-pandemia"},"content":{"rendered":"<p>\t\t\t\t\t\t\t\t\t\t<audio controls class=\"b61_audio_player\" data-noticia=\"74286\" src=\"https:\/\/brasil61.com\/rails\/active_storage\/blobs\/eyJfcmFpbHMiOnsibWVzc2FnZSI6IkJBaHBBeGp4QWc9PSIsImV4cCI6bnVsbCwicHVyIjoiYmxvYl9pZCJ9fQ==--24547885b33a2cb5de133c5daadaa46e2dfd1bf4\/BRAS2412419A\"><\/audio><\/p>\n<p>O Brasil est\u00e1 conseguindo retomar a trajet\u00f3ria positiva na educa\u00e7\u00e3o b\u00e1sica, especialmente nos anos iniciais do ensino fundamental (1\u00ba ao 5\u00ba ano). De acordo com os resultados do \u00cdndice de Desenvolvimento da Educa\u00e7\u00e3o B\u00e1sica (Ideb) de 2023, divulgados pelo Minist\u00e9rio da Educa\u00e7\u00e3o (MEC), o pa\u00eds atingiu a meta de seis pontos nesse ciclo, um sinal que coloca o desempenho dos estudantes brasileiros em n\u00edveis compar\u00e1veis aos de na\u00e7\u00f5es desenvolvidas, conforme o Programa Internacional de Avalia\u00e7\u00e3o de Estudantes (Pisa).<\/p>\n<p>Em nota, o MEC destacou o compromisso do governo em ampliar o acesso \u00e0 educa\u00e7\u00e3o.<\/p>\n<p>\u201cA fim de garantir que os estudantes aprendam mais, o Minist\u00e9rio da Educa\u00e7\u00e3o vem apoiando a cria\u00e7\u00e3o de 3,2 milh\u00f5es de novas vagas em tempo integral em todas as etapas de ensino, com investimento de R$ 12 bilh\u00f5es at\u00e9 2026. Uma escola mais atrativa, com mais tempo e seguran\u00e7a em todo o Brasil, \u00e9 o foco do Programa Escola em Tempo Integral.\u201d \u00a0\u00a0<\/p>\n<p>Nos anos finais do ensino fundamental (6\u00ba ao 9\u00ba ano), o Ideb registrou um crescimento para 5 pontos, ainda que abaixo da meta de 5,5 pontos. Esse resultado sinaliza uma recupera\u00e7\u00e3o em rela\u00e7\u00e3o a 2019, quando a nota foi de 4,9 pontos, e mostra o impacto positivo das pol\u00edticas implementadas para mitigar os efeitos da pandemia na educa\u00e7\u00e3o.<\/p>\n<p>Para o professor Pedro Lima, formado em Letras pela UNB, a pandemia trouxe desafios consider\u00e1veis para a educa\u00e7\u00e3o.<\/p>\n<p>\u201cA pandemia trouxe um impacto, a meu ver\u00a0mais negativo para a educa\u00e7\u00e3o, porque houve uma mudan\u00e7a de postura muito dr\u00e1stica em todos os setores, em todas as partes fundamentais desse meio educacional. Porque houve primeiro uma mudan\u00e7a de postura dos alunos. Com essa digitaliza\u00e7\u00e3o da educa\u00e7\u00e3o, o acesso \u00e0 informa\u00e7\u00e3o se tornou muito mais instant\u00e2neo, de modo que esses alunos hoje buscam conte\u00fados\u00a0n\u00e3o mais em livros, em aulas, e sim em redes sociais.\u201d explica.<\/p>\n<p>J\u00e1 no ensino m\u00e9dio, o desempenho dos estudantes tamb\u00e9m apresentou evolu\u00e7\u00e3o, com a pontua\u00e7\u00e3o de 4,3 pontos em 2023, comparado\u00a0a 4,2 pontos em 2019 e 2021. Embora n\u00e3o tenha alcan\u00e7ado a meta de 5,2 pontos, o aumento sugere que as medidas de recupera\u00e7\u00e3o est\u00e3o come\u00e7ando a surtir efeito. Pedro Lima\u00a0explica o que ainda pode melhorar na educa\u00e7\u00e3o b\u00e1sica.<\/p>\n<p>\u201cO que ainda precisa melhorar tem muito a ver com investimento em forma\u00e7\u00e3o, forma\u00e7\u00e3o dos alunos, dando mais possibilidades, dando mais formas de esse aluno ingressar em ensino superior, de ter um ensino t\u00e9cnico de qualidade, para que esse indiv\u00edduo consiga ter realmente uma educa\u00e7\u00e3o b\u00e1sica bem feita, para que ele consiga ingressar no mercado de trabalho e tamb\u00e9m uma forma\u00e7\u00e3o continuada para professores, porque hoje a gente vive uma realidade em que os professores de maior destaque est\u00e3o nas institui\u00e7\u00f5es privadas, porque a gente tem nas institui\u00e7\u00f5es privadas uma remunera\u00e7\u00e3o melhor.\u201d\u00a0<\/p>\n<p>O Ideb continua sendo o principal instrumento de monitoramento da qualidade da educa\u00e7\u00e3o b\u00e1sica no Brasil, fornecendo dados valiosos sobre o desempenho dos estudantes em l\u00edngua portuguesa e matem\u00e1tica, al\u00e9m de avaliar os \u00edndices de aprova\u00e7\u00e3o e a trajet\u00f3ria escolar.<br \/>\n\u00a0<\/p>\n<p>\t\t\t\t\t\t\t\t\t<img loading=\"lazy\" decoding=\"async\" src=\"https:\/\/brasil61.com\/api\/v1\/serve_pixel\/17677\/74286\" alt=\"Pixel Brasil 61\" class=\"b61_pixel\" width=\"0\" height=\"0\"><\/p>\n<input type=\"hidden\" id=\"baseurl\" value=\"https:\/\/noticiasdestaque.com.br\"><input type=\"hidden\" id=\"audio_nonce\" value=\"6a24ca502e\">","protected":false},"excerpt":{"rendered":"<p>Resultados positivos nos anos iniciais do ensino fundamental e melhorias no ensino m\u00e9dio mostram avan\u00e7os, mas desafios persistem no desenvolvimento educacional<\/p>\n","protected":false},"author":1,"featured_media":16052,"comment_status":"open","ping_status":"open","sticky":false,"template":"","format":"standard","meta":{"fifu_image_url":"","fifu_image_alt":"","footnotes":""},"categories":[48],"tags":[],"class_list":["post-16051","post","type-post","status-publish","format-standard","has-post-thumbnail","hentry","category-mundo"],"distributor_meta":false,"distributor_terms":false,"distributor_media":false,"distributor_original_site_name":"Noticias em Destaque","distributor_original_site_url":"https:\/\/noticiasdestaque.com.br","push-errors":false,"_links":{"self":[{"href":"https:\/\/noticiasdestaque.com.br\/index.php\/wp-json\/wp\/v2\/posts\/16051","targetHints":{"allow":["GET"]}}],"collection":[{"href":"https:\/\/noticiasdestaque.com.br\/index.php\/wp-json\/wp\/v2\/posts"}],"about":[{"href":"https:\/\/noticiasdestaque.com.br\/index.php\/wp-json\/wp\/v2\/types\/post"}],"author":[{"embeddable":true,"href":"https:\/\/noticiasdestaque.com.br\/index.php\/wp-json\/wp\/v2\/users\/1"}],"replies":[{"embeddable":true,"href":"https:\/\/noticiasdestaque.com.br\/index.php\/wp-json\/wp\/v2\/comments?post=16051"}],"version-history":[{"count":0,"href":"https:\/\/noticiasdestaque.com.br\/index.php\/wp-json\/wp\/v2\/posts\/16051\/revisions"}],"wp:featuredmedia":[{"embeddable":true,"href":"https:\/\/noticiasdestaque.com.br\/index.php\/wp-json\/wp\/v2\/media\/16052"}],"wp:attachment":[{"href":"https:\/\/noticiasdestaque.com.br\/index.php\/wp-json\/wp\/v2\/media?parent=16051"}],"wp:term":[{"taxonomy":"category","embeddable":true,"href":"https:\/\/noticiasdestaque.com.br\/index.php\/wp-json\/wp\/v2\/categories?post=16051"},{"taxonomy":"post_tag","embeddable":true,"href":"https:\/\/noticiasdestaque.com.br\/index.php\/wp-json\/wp\/v2\/tags?post=16051"}],"curies":[{"name":"wp","href":"https:\/\/api.w.org\/{rel}","templated":true}]}}