{"id":16045,"date":"2024-08-16T03:00:00","date_gmt":"2024-08-16T06:00:00","guid":{"rendered":"https:\/\/noticiasdestaque.com.br\/index.php\/2024\/08\/16\/consumo-aquecido-impulsiona-geracao-de-empregos-mas-acende-alerta-para-a-inflacao\/"},"modified":"2024-08-16T03:00:00","modified_gmt":"2024-08-16T06:00:00","slug":"consumo-aquecido-impulsiona-geracao-de-empregos-mas-acende-alerta-para-a-inflacao","status":"publish","type":"post","link":"https:\/\/noticiasdestaque.com.br\/index.php\/2024\/08\/16\/consumo-aquecido-impulsiona-geracao-de-empregos-mas-acende-alerta-para-a-inflacao\/","title":{"rendered":"Consumo aquecido impulsiona gera\u00e7\u00e3o de empregos, mas acende alerta para a infla\u00e7\u00e3o"},"content":{"rendered":"<p>\t\t\t\t\t\t\t\t\t\t<audio controls class=\"b61_audio_player\" data-noticia=\"74226\" src=\"https:\/\/brasil61.com\/rails\/active_storage\/blobs\/eyJfcmFpbHMiOnsibWVzc2FnZSI6IkJBaHBBNDd3QWc9PSIsImV4cCI6bnVsbCwicHVyIjoiYmxvYl9pZCJ9fQ==--8641aab1d664bde085a5e68f1d5b30c0b46b229e\/BRAS2412405A\"><\/audio><\/p>\n<p>Durante a abertura do Mutir\u00e3o de Emprego em S\u00e3o Paulo, o ministro do Trabalho e Emprego, Luiz Marinho, destacou a import\u00e2ncia da capacidade de consumo da popula\u00e7\u00e3o para a cria\u00e7\u00e3o de novos empregos. \u201cMuita gente fala sobre como gerar empregos, mas n\u00e3o h\u00e1 milagre se o povo n\u00e3o tiver capacidade de consumo\u201d, afirmou Marinho na manh\u00e3 da \u00faltima segunda-feira (12).<\/p>\n<p>O evento ofereceu 20 mil vagas de trabalho em diversas \u00e1reas, al\u00e9m de cursos profissionalizantes.\u00a0O mutir\u00e3o\u00a0tamb\u00e9m incluiu\u00a0iniciativas voltadas para aumentar a participa\u00e7\u00e3o feminina no mercado. Foram oferecidas\u00a0bolsas de estudo\u00a0para mulheres em cursos de forma\u00e7\u00e3o em vigilante patrimonial, com inscri\u00e7\u00f5es abertas at\u00e9 20 de setembro.<\/p>\n<h2>Mais empregos<\/h2>\n<p>Segundo dados do Cadastro Geral de Empregados e Desempregados (Caged), a capital paulista alcan\u00e7ou 4,89 milh\u00f5es de empregos formais em junho de 2024, um aumento de 3,52% em compara\u00e7\u00e3o com o mesmo per\u00edodo do ano anterior.\u00a0<\/p>\n<p>De acordo com o Caged, o Brasil criou 201.705 novos postos de trabalho em junho de 2024. O n\u00famero total de v\u00ednculos celetistas ativos foi de 46,8 milh\u00f5es, o que representa um crescimento de 0,43% em rela\u00e7\u00e3o ao m\u00eas anterior. No acumulado de 2024 at\u00e9 junho, foram gerados 1,3 milh\u00e3o de novos empregos\u00a0e, nos \u00faltimos 12 meses, o saldo foi de 1,7 milh\u00e3o de vagas adicionais.<\/p>\n<p>Leonardo Fernandes, assessor de investimentos, comenta que o aumento da capacidade de consumo \u00e9 vital para a economia:<\/p>\n<p>\u201cO mercado em si se retroalimenta gerando o seguinte\u00a0ciclo virtuoso:\u00a0se a popula\u00e7\u00e3o tem mais renda ela consome mais, se ela consome mais a gente concorda que quem vende produtos, que s\u00e3o as empresas, passam a produzir mais, passam a vender mais e, consequentemente, geram mais lucro. Se uma empresa est\u00e1 crescendo, faturando mais, a continuidade disso \u00e9 que ela precisa contratar mais gente.\u201d explica Mendes.<\/p>\n<h2>Infla\u00e7\u00e3o<\/h2>\n<p>Mas \u00e9 preciso ter equil\u00edbrio no mercado. O\u00a0economista Gean Duarte\u00a0alerta para o maior risco envolvido no crescimento elevado do\u00a0consumo:<\/p>\n<p>\u201cSe a gente consome demais, por exemplo, se a gente tem mais poder de compra, se o dinheiro circula mais, acaba que a gente vai comprar mais e os comerciantes, os servi\u00e7os, eles aumentam o pre\u00e7o. Ent\u00e3o, o excesso de consumo na economia pode causar infla\u00e7\u00e3o. \u00c9 a lei da oferta e da demanda. Quanto mais demanda a gente tem pelos produtos, ou seja, quanto mais dinheiro circula no mercado, isso causa a infla\u00e7\u00e3o, o aumento dos pre\u00e7os. Ent\u00e3o por isso que a gente deve ter um equil\u00edbrio nisso.\u201d<\/p>\n<p>\t\t\t\t\t\t\t\t\t<img loading=\"lazy\" decoding=\"async\" src=\"https:\/\/brasil61.com\/api\/v1\/serve_pixel\/17677\/74226\" alt=\"Pixel Brasil 61\" class=\"b61_pixel\" width=\"0\" height=\"0\"><\/p>\n<input type=\"hidden\" id=\"baseurl\" value=\"https:\/\/noticiasdestaque.com.br\"><input type=\"hidden\" id=\"audio_nonce\" value=\"6a24ca502e\">","protected":false},"excerpt":{"rendered":"<p>No acumulado de 2024 at\u00e9 junho, foram gerados 1,3 milh\u00e3o de novos empregos\u00a0no pa\u00eds. Nos \u00faltimos 12 meses, o saldo foi de 1,7 milh\u00e3o de vagas adicionais<\/p>\n","protected":false},"author":1,"featured_media":16046,"comment_status":"open","ping_status":"open","sticky":false,"template":"","format":"standard","meta":{"fifu_image_url":"","fifu_image_alt":"","footnotes":""},"categories":[48],"tags":[],"class_list":["post-16045","post","type-post","status-publish","format-standard","has-post-thumbnail","hentry","category-mundo"],"distributor_meta":false,"distributor_terms":false,"distributor_media":false,"distributor_original_site_name":"Noticias em Destaque","distributor_original_site_url":"https:\/\/noticiasdestaque.com.br","push-errors":false,"_links":{"self":[{"href":"https:\/\/noticiasdestaque.com.br\/index.php\/wp-json\/wp\/v2\/posts\/16045","targetHints":{"allow":["GET"]}}],"collection":[{"href":"https:\/\/noticiasdestaque.com.br\/index.php\/wp-json\/wp\/v2\/posts"}],"about":[{"href":"https:\/\/noticiasdestaque.com.br\/index.php\/wp-json\/wp\/v2\/types\/post"}],"author":[{"embeddable":true,"href":"https:\/\/noticiasdestaque.com.br\/index.php\/wp-json\/wp\/v2\/users\/1"}],"replies":[{"embeddable":true,"href":"https:\/\/noticiasdestaque.com.br\/index.php\/wp-json\/wp\/v2\/comments?post=16045"}],"version-history":[{"count":0,"href":"https:\/\/noticiasdestaque.com.br\/index.php\/wp-json\/wp\/v2\/posts\/16045\/revisions"}],"wp:featuredmedia":[{"embeddable":true,"href":"https:\/\/noticiasdestaque.com.br\/index.php\/wp-json\/wp\/v2\/media\/16046"}],"wp:attachment":[{"href":"https:\/\/noticiasdestaque.com.br\/index.php\/wp-json\/wp\/v2\/media?parent=16045"}],"wp:term":[{"taxonomy":"category","embeddable":true,"href":"https:\/\/noticiasdestaque.com.br\/index.php\/wp-json\/wp\/v2\/categories?post=16045"},{"taxonomy":"post_tag","embeddable":true,"href":"https:\/\/noticiasdestaque.com.br\/index.php\/wp-json\/wp\/v2\/tags?post=16045"}],"curies":[{"name":"wp","href":"https:\/\/api.w.org\/{rel}","templated":true}]}}