{"id":16043,"date":"2024-08-13T03:00:00","date_gmt":"2024-08-13T06:00:00","guid":{"rendered":"https:\/\/noticiasdestaque.com.br\/index.php\/2024\/08\/13\/recorde-quase-60-mil-jovens-aprendizes-contratados-no-primeiro-semestre-de-2024\/"},"modified":"2024-08-13T03:00:00","modified_gmt":"2024-08-13T06:00:00","slug":"recorde-quase-60-mil-jovens-aprendizes-contratados-no-primeiro-semestre-de-2024","status":"publish","type":"post","link":"https:\/\/noticiasdestaque.com.br\/index.php\/2024\/08\/13\/recorde-quase-60-mil-jovens-aprendizes-contratados-no-primeiro-semestre-de-2024\/","title":{"rendered":"Recorde: quase 60 mil jovens aprendizes contratados no primeiro semestre de 2024"},"content":{"rendered":"<p>\t\t\t\t\t\t\t\t\t\t<audio controls class=\"b61_audio_player\" data-noticia=\"74096\" src=\"https:\/\/brasil61.com\/rails\/active_storage\/blobs\/eyJfcmFpbHMiOnsibWVzc2FnZSI6IkJBaHBBOS91QWc9PSIsImV4cCI6bnVsbCwicHVyIjoiYmxvYl9pZCJ9fQ==--e501895cdd9e9f0223ff5b7dd4c15a694f650446\/BRAS2412363A\"><\/audio><\/p>\n<p>Entre janeiro e junho deste ano, quase 60 mil jovens tiveram o primeiro contato com o mercado profissional, com carteira assinada, por meio da Lei do Jovem Aprendiz (Lei 10.097\/00). As 58.656 contrata\u00e7\u00f5es no primeiro semestre atingiram o melhor resultado da hist\u00f3ria,\u00a0sendo 8,39% maior em compara\u00e7\u00e3o ao mesmo per\u00edodo de 2023, que teve 54.115 jovens contratados.<\/p>\n<p>Segundo o secret\u00e1rio de Qualifica\u00e7\u00e3o, Emprego e Renda, do Minist\u00e9rio do Trabalho e Emprego (MTE), Magno Lavigne, o resultado positivo do jovem aprendiz \u00e9 atribu\u00eddo ao esfor\u00e7o do minist\u00e9rio para fomentar oportunidades de trabalho decentes.\u00a0<\/p>\n<p>Em maio deste ano, o n\u00famero de v\u00ednculos ativos chegou a 615.401, sendo o melhor resultado desde a cria\u00e7\u00e3o da lei. Em junho, foram 614.515 aprendizes. A diminui\u00e7\u00e3o em rela\u00e7\u00e3o ao m\u00eas anterior se justifica por conta do maior n\u00famero de desligamentos de contratos em junho, quando houve mais desligamentos do que admiss\u00f5es. De acordo com a pasta, o fato faz parte da sazonalidade \u2013 j\u00e1 que, ao final do semestre nas escolas, existem encerramentos de contratos.\u00a0<\/p>\n<p>Em nota, o minist\u00e9rio informa que dos 614.575 jovens aprendizes no pa\u00eds, 66,30% t\u00eam at\u00e9 17 anos e 51,70% cursam o ensino m\u00e9dio. As mulheres s\u00e3o maioria, com 52,60%.<\/p>\n<p>Segundo o minist\u00e9rio, o Jovem Aprendiz \u00e9 uma das principais pol\u00edticas p\u00fablicas que combatem a evas\u00e3o escolar.\u00a0<br \/>\n\u00a0<\/p>\n<p>\t\t\t\t\t\t\t\t\t<img loading=\"lazy\" decoding=\"async\" src=\"https:\/\/brasil61.com\/api\/v1\/serve_pixel\/17677\/74096\" alt=\"Pixel Brasil 61\" class=\"b61_pixel\" width=\"0\" height=\"0\"><\/p>\n<input type=\"hidden\" id=\"baseurl\" value=\"https:\/\/noticiasdestaque.com.br\"><input type=\"hidden\" id=\"audio_nonce\" value=\"6a24ca502e\">","protected":false},"excerpt":{"rendered":"<p>Foram 58.656 contrata\u00e7\u00f5es entre janeiro e junho, melhor resultado da hist\u00f3ria, sendo 8,39% maior em compara\u00e7\u00e3o ao mesmo per\u00edodo de 2023<\/p>\n","protected":false},"author":1,"featured_media":16044,"comment_status":"open","ping_status":"open","sticky":false,"template":"","format":"standard","meta":{"fifu_image_url":"","fifu_image_alt":"","footnotes":""},"categories":[48],"tags":[],"class_list":["post-16043","post","type-post","status-publish","format-standard","has-post-thumbnail","hentry","category-mundo"],"distributor_meta":false,"distributor_terms":false,"distributor_media":false,"distributor_original_site_name":"Noticias em Destaque","distributor_original_site_url":"https:\/\/noticiasdestaque.com.br","push-errors":false,"_links":{"self":[{"href":"https:\/\/noticiasdestaque.com.br\/index.php\/wp-json\/wp\/v2\/posts\/16043","targetHints":{"allow":["GET"]}}],"collection":[{"href":"https:\/\/noticiasdestaque.com.br\/index.php\/wp-json\/wp\/v2\/posts"}],"about":[{"href":"https:\/\/noticiasdestaque.com.br\/index.php\/wp-json\/wp\/v2\/types\/post"}],"author":[{"embeddable":true,"href":"https:\/\/noticiasdestaque.com.br\/index.php\/wp-json\/wp\/v2\/users\/1"}],"replies":[{"embeddable":true,"href":"https:\/\/noticiasdestaque.com.br\/index.php\/wp-json\/wp\/v2\/comments?post=16043"}],"version-history":[{"count":0,"href":"https:\/\/noticiasdestaque.com.br\/index.php\/wp-json\/wp\/v2\/posts\/16043\/revisions"}],"wp:featuredmedia":[{"embeddable":true,"href":"https:\/\/noticiasdestaque.com.br\/index.php\/wp-json\/wp\/v2\/media\/16044"}],"wp:attachment":[{"href":"https:\/\/noticiasdestaque.com.br\/index.php\/wp-json\/wp\/v2\/media?parent=16043"}],"wp:term":[{"taxonomy":"category","embeddable":true,"href":"https:\/\/noticiasdestaque.com.br\/index.php\/wp-json\/wp\/v2\/categories?post=16043"},{"taxonomy":"post_tag","embeddable":true,"href":"https:\/\/noticiasdestaque.com.br\/index.php\/wp-json\/wp\/v2\/tags?post=16043"}],"curies":[{"name":"wp","href":"https:\/\/api.w.org\/{rel}","templated":true}]}}