{"id":16039,"date":"2024-08-20T03:00:00","date_gmt":"2024-08-20T06:00:00","guid":{"rendered":"https:\/\/noticiasdestaque.com.br\/index.php\/2024\/08\/20\/numero-de-mpes-que-exportam-cresceu-tres-vezes-mais-do-que-o-de-grandes-negocios-entre-2008-e-2022\/"},"modified":"2024-08-20T03:00:00","modified_gmt":"2024-08-20T06:00:00","slug":"numero-de-mpes-que-exportam-cresceu-tres-vezes-mais-do-que-o-de-grandes-negocios-entre-2008-e-2022","status":"publish","type":"post","link":"https:\/\/noticiasdestaque.com.br\/index.php\/2024\/08\/20\/numero-de-mpes-que-exportam-cresceu-tres-vezes-mais-do-que-o-de-grandes-negocios-entre-2008-e-2022\/","title":{"rendered":"N\u00famero de MPEs que exportam cresceu tr\u00eas vezes mais do que o de grandes neg\u00f3cios, entre 2008 e 2022"},"content":{"rendered":"<p>\t\t\t\t\t\t\t\t\t\t<audio controls class=\"b61_audio_player\" data-noticia=\"74305\" src=\"https:\/\/brasil61.com\/rails\/active_storage\/blobs\/eyJfcmFpbHMiOnsibWVzc2FnZSI6IkJBaHBBL2p3QWc9PSIsImV4cCI6bnVsbCwicHVyIjoiYmxvYl9pZCJ9fQ==--d31304923037e64bc530cfb99cddb53bdcc110f7\/APEX240015A\"><\/audio><\/p>\n<p>Entre 2008 e 2022, o n\u00famero de micro e pequenas empresas (MPEs) que exportam cresceu tr\u00eas vezes mais do que o de m\u00e9dias e grandes empresas que vendem para o exterior. \u00c9 o que aponta um levantamento da Secretaria de Com\u00e9rcio Exterior (Secex) do Minist\u00e9rio do Desenvolvimento, Ind\u00fastria, Com\u00e9rcio e Servi\u00e7os (MDIC).\u00a0<\/p>\n<p>Enquanto as m\u00e9dias e grandes empresas que exportam passaram de 6,5 mil para 11,4 mil no per\u00edodo \u2014 registrando aumento de 24,3% \u2014 a quantidade de MPEs que vendem seus produtos e servi\u00e7os para outros pa\u00edses saltou de 6,5 mil para 11,4 mil, o que significa crescimento de 76,2%, aponta o estudo.\u00a0<\/p>\n<p>Os dados tamb\u00e9m apontam que a maior participa\u00e7\u00e3o dos pequenos neg\u00f3cios brasileiros no com\u00e9rcio exterior cresce de forma consistente. Desde 2019, o n\u00famero de MPEs que exportam registra alta m\u00e9dia anual de 7,8%.\u00a0<\/p>\n<h2>Diferencial\u00a0<\/h2>\n<p>Em compara\u00e7\u00e3o aos grandes neg\u00f3cios, as MPEs apresentam caracter\u00edsticas que tornam mais dif\u00edcil sua atua\u00e7\u00e3o no mercado internacional, como a dificuldade em acessar mercados mais distantes.\u00a0<\/p>\n<p>Por isso, o suporte de entidades e institui\u00e7\u00f5es de apoio ao com\u00e9rcio exterior, como \u00e9 o caso da Ag\u00eancia Brasileira de Promo\u00e7\u00e3o de Exporta\u00e7\u00f5es e Investimentos (ApexBrasil), tem sido fundamental para que os pequenos neg\u00f3cios n\u00e3o s\u00f3 consigam acessar, pela primeira vez, o mercado internacional, mas permane\u00e7am nele com o passar dos anos.\u00a0<\/p>\n<p>Produtor de cacha\u00e7a artesanal em Combinado (TO), o pequeno empreendedor Paulo Palmeira de Souza se prepara para exportar os destilados \u2014 produzidos pela fam\u00edlia h\u00e1 mais de 30 anos.\u00a0<\/p>\n<p>Depois de participar do Programa de Qualifica\u00e7\u00e3o para Exporta\u00e7\u00e3o (Peiex), iniciativa da ApexBrasil que capacita empres\u00e1rios brasileiros a acessar o mercado exterior, Palmeira se inscreveu em outro programa, o Exporta Mais Brasil.\u00a0<\/p>\n<p>Esse programa visa conectar empreendedores brasileiros a compradores internacionais por meio de rodadas de neg\u00f3cios setoriais. Em maio, o produtor participou de um encontro para estreitar la\u00e7os com clientes potenciais da \u00cdndia, Peru e Portugal, em Palmas (TO).\u00a0<\/p>\n<p>Tais capacita\u00e7\u00f5es fazem o empreendedor ter a certeza de que exporta\u00e7\u00e3o n\u00e3o \u00e9 coisa apenas para grandes empresas. &#8220;Eu acredito que a Apex vai me levar muito longe. Eu preciso de uma institui\u00e7\u00e3o de nome, que tem credibilidade, que sabe orientar o pequeno empreendedor. Eu sou um pequeno empreendedor na m\u00e3o da Apex, na esperan\u00e7a de um dia poder crescer&#8221;, diz.\u00a0<\/p>\n<p>No ano passado, o Exporta Mais Brasil promoveu 13 encontros pelo pa\u00eds, que atra\u00edram 143 compradores internacionais, resultando em R$ 275 milh\u00f5es em neg\u00f3cios gerados para 487 empresas nacionais.\u00a0<\/p>\n<h2>Suporte amplo<\/h2>\n<p>Al\u00e9m do Peiex e do Exporta Mais Brasil, a ApexBrasil oferta uma s\u00e9rie de programas que visam facilitar a inser\u00e7\u00e3o de empresas brasileiras \u2014 sobretudo micro e pequenos neg\u00f3cios \u2014 no com\u00e9rcio exterior de seus respectivos setores.\u00a0<\/p>\n<p>A ag\u00eancia tamb\u00e9m tem parceria com entidades representativas de diversos segmentos, visando a inser\u00e7\u00e3o de empresas nacionais no mercado internacional.\u00a0<\/p>\n<p>Para mais informa\u00e7\u00f5es sobre essas iniciativas, acesse: <a href=\"http:\/\/www.apexbrasil.com.br\">www.apexbrasil.com.br<\/a>.\u00a0<\/p>\n<p><a href=\"https:\/\/brasil61.com\/n\/historias-exportadoras-das-vendas-de-porta-em-porta-no-interior-de-sao-paulo-ate-o-comercio-exterior-conheca-a-trajetoria-do-cafe-caicara-apex240014#:~:text=Trata%2Dse%20de%20um%20programa,servi%C3%A7os%20ligados%20a%20setores%20espec%C3%ADficos.\">HIST\u00d3RIAS EXPORTADORAS: das vendas de porta em porta no interior de S\u00e3o Paulo at\u00e9 o com\u00e9rcio exterior: conhe\u00e7a a trajet\u00f3ria do Caf\u00e9 Cai\u00e7ara<\/a><\/p>\n<p><a href=\"https:\/\/brasil61.com\/n\/historias-exportadoras-conheca-a-trajetoria-de-empresa-do-interior-de-sp-que-ja-exporta-acai-para-mais-de-20-paises-apex240011\">HIST\u00d3RIAS EXPORTADORAS: conhe\u00e7a a trajet\u00f3ria de empresa do interior de SP que j\u00e1 exporta a\u00e7a\u00ed para mais de 20 pa\u00edses<\/a><\/p>\n<p><a href=\"https:\/\/brasil61.com\/n\/historias-exportadoras-conheca-trajetoria-da-empresa-aleccra-do-ramo-de-moda-e-vestuario-que-se-destacou-com-a-moda-praia-em-santa-catarina-apex240012\">HIST\u00d3RIAS EXPORTADORAS: conhe\u00e7a trajet\u00f3ria da empresa Aleccra, do ramo de moda e vestu\u00e1rio, que se destacou com a moda praia em Santa Catarina<\/a><\/p>\n<p>\t\t\t\t\t\t\t\t\t<img loading=\"lazy\" decoding=\"async\" src=\"https:\/\/brasil61.com\/api\/v1\/serve_pixel\/17677\/74305\" alt=\"Pixel Brasil 61\" class=\"b61_pixel\" width=\"0\" height=\"0\"><\/p>\n<input type=\"hidden\" id=\"baseurl\" value=\"https:\/\/noticiasdestaque.com.br\"><input type=\"hidden\" id=\"audio_nonce\" value=\"6a24ca502e\">","protected":false},"excerpt":{"rendered":"<p>Com maior dificuldade em acessar o com\u00e9rcio exterior do que as m\u00e9dias e grandes empresas, pequenos neg\u00f3cios contam com suporte de ag\u00eancias de promo\u00e7\u00e3o, como a ApexBrasil<\/p>\n","protected":false},"author":1,"featured_media":16040,"comment_status":"open","ping_status":"open","sticky":false,"template":"","format":"standard","meta":{"fifu_image_url":"","fifu_image_alt":"","footnotes":""},"categories":[59],"tags":[],"class_list":["post-16039","post","type-post","status-publish","format-standard","has-post-thumbnail","hentry","category-economia"],"distributor_meta":false,"distributor_terms":false,"distributor_media":false,"distributor_original_site_name":"Noticias em Destaque","distributor_original_site_url":"https:\/\/noticiasdestaque.com.br","push-errors":false,"_links":{"self":[{"href":"https:\/\/noticiasdestaque.com.br\/index.php\/wp-json\/wp\/v2\/posts\/16039","targetHints":{"allow":["GET"]}}],"collection":[{"href":"https:\/\/noticiasdestaque.com.br\/index.php\/wp-json\/wp\/v2\/posts"}],"about":[{"href":"https:\/\/noticiasdestaque.com.br\/index.php\/wp-json\/wp\/v2\/types\/post"}],"author":[{"embeddable":true,"href":"https:\/\/noticiasdestaque.com.br\/index.php\/wp-json\/wp\/v2\/users\/1"}],"replies":[{"embeddable":true,"href":"https:\/\/noticiasdestaque.com.br\/index.php\/wp-json\/wp\/v2\/comments?post=16039"}],"version-history":[{"count":0,"href":"https:\/\/noticiasdestaque.com.br\/index.php\/wp-json\/wp\/v2\/posts\/16039\/revisions"}],"wp:featuredmedia":[{"embeddable":true,"href":"https:\/\/noticiasdestaque.com.br\/index.php\/wp-json\/wp\/v2\/media\/16040"}],"wp:attachment":[{"href":"https:\/\/noticiasdestaque.com.br\/index.php\/wp-json\/wp\/v2\/media?parent=16039"}],"wp:term":[{"taxonomy":"category","embeddable":true,"href":"https:\/\/noticiasdestaque.com.br\/index.php\/wp-json\/wp\/v2\/categories?post=16039"},{"taxonomy":"post_tag","embeddable":true,"href":"https:\/\/noticiasdestaque.com.br\/index.php\/wp-json\/wp\/v2\/tags?post=16039"}],"curies":[{"name":"wp","href":"https:\/\/api.w.org\/{rel}","templated":true}]}}