{"id":16029,"date":"2024-08-18T03:00:00","date_gmt":"2024-08-18T06:00:00","guid":{"rendered":"https:\/\/noticiasdestaque.com.br\/index.php\/2024\/08\/18\/varejo-tem-queda-de-1-em-junho-apos-cinco-meses-de-alta\/"},"modified":"2024-08-18T03:00:00","modified_gmt":"2024-08-18T06:00:00","slug":"varejo-tem-queda-de-1-em-junho-apos-cinco-meses-de-alta","status":"publish","type":"post","link":"https:\/\/noticiasdestaque.com.br\/index.php\/2024\/08\/18\/varejo-tem-queda-de-1-em-junho-apos-cinco-meses-de-alta\/","title":{"rendered":"Varejo tem queda de 1%, em junho, ap\u00f3s cinco meses de alta"},"content":{"rendered":"<p>\t\t\t\t\t\t\t\t\t\t<audio controls class=\"b61_audio_player\" data-noticia=\"74299\" src=\"https:\/\/brasil61.com\/rails\/active_storage\/blobs\/eyJfcmFpbHMiOnsibWVzc2FnZSI6IkJBaHBBK1R3QWc9PSIsImV4cCI6bnVsbCwicHVyIjoiYmxvYl9pZCJ9fQ==--222c2071f6b82e7b1bdb46fabdbcdff6bf3348fd\/BRAS2412427A\"><\/audio><\/p>\n<p>O com\u00e9rcio varejista registrou uma queda de 1% em junho deste ano, na compara\u00e7\u00e3o com o m\u00eas anterior. Segundo a Pesquisa Mensal de Com\u00e9rcio feita pelo Instituto Brasileiro de Geografia e Estat\u00edstica (IBGE), o recuo interrompeu cinco meses consecutivos de altas, que culminou com o recorde da s\u00e9rie hist\u00f3rica em maio.<\/p>\n<p>Apesar do resultado, o ganho acumulado em rela\u00e7\u00e3o a dezembro de 2023 chega a 4,7%. No acumulado do semestre, a alta \u00e9 de 5,2%, em compara\u00e7\u00e3o com o mesmo per\u00edodo do ano passado.<\/p>\n<p>Segundo os pesquisadores do IBGE, a queda de maio para junho pode ser explicada pelo efeito rebote, ou seja, quando h\u00e1 uma retra\u00e7\u00e3o natural do volume de vendas logo ap\u00f3s um forte crescimento.\u00a0<\/p>\n<p>Al\u00e9m disso, a queda de 2,1% das atividades dos setores de hiper, supermercados, produtos aliment\u00edcios, bebidas e fumo e de 1,8% de outros artigos de uso pessoal e dom\u00e9stico tamb\u00e9m contribu\u00edram para o recuo das vendas no varejo brasileiro em junho.\u00a0<\/p>\n<p>Ainda de acordo com o IBGE, a queda nesses setores importantes do varejo pode ser explicada pela press\u00e3o inflacion\u00e1ria. Apesar de o \u00cdndice Nacional de Pre\u00e7os ao Consumidor Amplo (IPCA) ter passado de 0,46% em maio para 0,21% em junho, os alimentos e bebidas tiveram alta de pre\u00e7os de 0,44% no per\u00edodo e responderam por quase metade da infla\u00e7\u00e3o do m\u00eas.<\/p>\n<p>Na passagem de maio para junho, 20 unidades federativas apresentaram desempenho negativo no com\u00e9rcio varejista, com destaque para Amap\u00e1 (-8,7%), Bahia (-2,8%) e Tocantins (-2,7%).\u00a0<\/p>\n<p>J\u00e1 entre as taxas positivas, a Para\u00edba lidera (2,4%), seguida por Rio Grande do Sul (1,8%) e Rond\u00f4nia (1,0%).\u00a0<\/p>\n<p><strong><a href=\"https:\/\/brasil61.com\/n\/comercio-levou-tres-anos-para-recuperar-nivel-de-emprego-anterior-a-pandemia-bras2412234\" target=\"_blank\" rel=\"noopener\">Com\u00e9rcio levou tr\u00eas anos para recuperar n\u00edvel de emprego anterior \u00e0 pandemia<\/a><\/strong><\/p>\n<p><strong><a href=\"https:\/\/brasil61.com\/n\/emprego-59-das-cidades-brasileiras-tiveram-saldo-positivo-de-carteiras-assinadas-em-junho-bras2412283\" target=\"_blank\" rel=\"noopener\">EMPREGO: 59% das cidades brasileiras tiveram saldo positivo de carteiras assinadas em junho<\/a><\/strong><\/p>\n<p>\t\t\t\t\t\t\t\t\t<img loading=\"lazy\" decoding=\"async\" src=\"https:\/\/brasil61.com\/api\/v1\/serve_pixel\/17677\/74299\" alt=\"Pixel Brasil 61\" class=\"b61_pixel\" width=\"0\" height=\"0\"><\/p>\n<input type=\"hidden\" id=\"baseurl\" value=\"https:\/\/noticiasdestaque.com.br\"><input type=\"hidden\" id=\"audio_nonce\" value=\"6a24ca502e\">","protected":false},"excerpt":{"rendered":"<p>Segundo o IBGE, a queda das atividades do ramo de hiper, supermercados, produtos aliment\u00edcios, bebidas e fumo e de outros artigos de uso pessoal e dom\u00e9stico contribu\u00edram para o recuo das vendas no varejo brasileiro em junho <\/p>\n","protected":false},"author":1,"featured_media":16030,"comment_status":"open","ping_status":"open","sticky":false,"template":"","format":"standard","meta":{"fifu_image_url":"","fifu_image_alt":"","footnotes":""},"categories":[59],"tags":[],"class_list":["post-16029","post","type-post","status-publish","format-standard","has-post-thumbnail","hentry","category-economia"],"distributor_meta":false,"distributor_terms":false,"distributor_media":false,"distributor_original_site_name":"Noticias em Destaque","distributor_original_site_url":"https:\/\/noticiasdestaque.com.br","push-errors":false,"_links":{"self":[{"href":"https:\/\/noticiasdestaque.com.br\/index.php\/wp-json\/wp\/v2\/posts\/16029","targetHints":{"allow":["GET"]}}],"collection":[{"href":"https:\/\/noticiasdestaque.com.br\/index.php\/wp-json\/wp\/v2\/posts"}],"about":[{"href":"https:\/\/noticiasdestaque.com.br\/index.php\/wp-json\/wp\/v2\/types\/post"}],"author":[{"embeddable":true,"href":"https:\/\/noticiasdestaque.com.br\/index.php\/wp-json\/wp\/v2\/users\/1"}],"replies":[{"embeddable":true,"href":"https:\/\/noticiasdestaque.com.br\/index.php\/wp-json\/wp\/v2\/comments?post=16029"}],"version-history":[{"count":0,"href":"https:\/\/noticiasdestaque.com.br\/index.php\/wp-json\/wp\/v2\/posts\/16029\/revisions"}],"wp:featuredmedia":[{"embeddable":true,"href":"https:\/\/noticiasdestaque.com.br\/index.php\/wp-json\/wp\/v2\/media\/16030"}],"wp:attachment":[{"href":"https:\/\/noticiasdestaque.com.br\/index.php\/wp-json\/wp\/v2\/media?parent=16029"}],"wp:term":[{"taxonomy":"category","embeddable":true,"href":"https:\/\/noticiasdestaque.com.br\/index.php\/wp-json\/wp\/v2\/categories?post=16029"},{"taxonomy":"post_tag","embeddable":true,"href":"https:\/\/noticiasdestaque.com.br\/index.php\/wp-json\/wp\/v2\/tags?post=16029"}],"curies":[{"name":"wp","href":"https:\/\/api.w.org\/{rel}","templated":true}]}}