{"id":16027,"date":"2024-08-18T03:00:00","date_gmt":"2024-08-18T06:00:00","guid":{"rendered":"https:\/\/noticiasdestaque.com.br\/index.php\/2024\/08\/18\/industria-queda-de-13-no-primeiro-trimestre-interrompe-trajetoria-de-alta\/"},"modified":"2024-08-18T03:00:00","modified_gmt":"2024-08-18T06:00:00","slug":"industria-queda-de-13-no-primeiro-trimestre-interrompe-trajetoria-de-alta","status":"publish","type":"post","link":"https:\/\/noticiasdestaque.com.br\/index.php\/2024\/08\/18\/industria-queda-de-13-no-primeiro-trimestre-interrompe-trajetoria-de-alta\/","title":{"rendered":"Ind\u00fastria: queda de 1,3% no primeiro trimestre interrompe trajet\u00f3ria de alta"},"content":{"rendered":"<p>\t\t\t\t\t\t\t\t\t\t<audio controls class=\"b61_audio_player\" data-noticia=\"74294\" src=\"https:\/\/brasil61.com\/rails\/active_storage\/blobs\/eyJfcmFpbHMiOnsibWVzc2FnZSI6IkJBaHBBK2Z3QWc9PSIsImV4cCI6bnVsbCwicHVyIjoiYmxvYl9pZCJ9fQ==--ea81d88070f81e90f73c6feef74a3d16e4248cdb\/BRAS2412424A\"><\/audio><\/p>\n<p>Uma queda de 1,3% no primeiro semestre desde ano. Esse foi o resultado da produtividade do trabalho na ind\u00fastria de transforma\u00e7\u00e3o, segundo dados da Confedera\u00e7\u00e3o Nacional da Ind\u00fastria (CNI). A queda \u00e9 em compara\u00e7\u00e3o com o \u00faltimo trimestre de 2023, quando os n\u00fameros da Produtividade na Ind\u00fastria apresentaram sucessivas altas.\u00a0<\/p>\n<p>Enquanto a produ\u00e7\u00e3o aumentou 1% no per\u00edodo, as horas trabalhadas cresceram ainda mais: 2,3%. Mas, segundo a CNI, o resultado n\u00e3o demonstra ainda uma mudan\u00e7a de trajet\u00f3ria. Uma das causas apontadas pela Ind\u00fastria para a queda est\u00e1 na cria\u00e7\u00e3o de novos postos de trabalho sendo abertos. Essas vagas exigem treinamento e adapta\u00e7\u00e3o do trabalhador, o que demanda mais tempo do empregado at\u00e9 que ele seja capaz de produzir mais.\u00a0<\/p>\n<p>Ainda segundo o levantamento, nos \u00faltimos cinco meses a demanda por bens manufaturados tem crescido de forma consistente, com alta de 5,2% em mar\u00e7o, quando comparada a outubro do ano passado. A gerente de Pol\u00edtica Industrial da CNI, Samantha Cunha, fala sobre a previs\u00e3o para os pr\u00f3ximos meses.<\/p>\n<p>\u201cO mercado de trabalho tamb\u00e9m est\u00e1 aquecido, ent\u00e3o o contexto \u00e9 de evolu\u00e7\u00e3o positiva da produ\u00e7\u00e3o,\u00a0prov\u00e1vel acomoda\u00e7\u00e3o das horas trabalhadas e recupera\u00e7\u00e3o da produtividade. A principal quest\u00e3o para o aumento da produtividade \u00e9, de fato, condi\u00e7\u00f5es que sejam mais favor\u00e1veis aos investimentos para que ela se recupere.\u201d \u00a0<\/p>\n<p>Ainda de acordo com a CNI, entre os principais entraves para o aumento do investimento no \u00faltimo ano est\u00e3o a demanda retra\u00edda e as elevadas taxas de juros.<\/p>\n<p>\t\t\t\t\t\t\t\t\t<img loading=\"lazy\" decoding=\"async\" src=\"https:\/\/brasil61.com\/api\/v1\/serve_pixel\/17677\/74294\" alt=\"Pixel Brasil 61\" class=\"b61_pixel\" width=\"0\" height=\"0\"><\/p>\n<input type=\"hidden\" id=\"baseurl\" value=\"https:\/\/noticiasdestaque.com.br\"><input type=\"hidden\" id=\"audio_nonce\" value=\"6a24ca502e\">","protected":false},"excerpt":{"rendered":"<p>Segundo a CNI, as horas trabalhadas cresceram mais que a produ\u00e7\u00e3o. Per\u00edodo de treinamento de funcion\u00e1rios em novos postos de trabalho por ser a explica\u00e7\u00e3o<\/p>\n","protected":false},"author":1,"featured_media":16028,"comment_status":"open","ping_status":"open","sticky":false,"template":"","format":"standard","meta":{"fifu_image_url":"","fifu_image_alt":"","footnotes":""},"categories":[59],"tags":[],"class_list":["post-16027","post","type-post","status-publish","format-standard","has-post-thumbnail","hentry","category-economia"],"distributor_meta":false,"distributor_terms":false,"distributor_media":false,"distributor_original_site_name":"Noticias em Destaque","distributor_original_site_url":"https:\/\/noticiasdestaque.com.br","push-errors":false,"_links":{"self":[{"href":"https:\/\/noticiasdestaque.com.br\/index.php\/wp-json\/wp\/v2\/posts\/16027","targetHints":{"allow":["GET"]}}],"collection":[{"href":"https:\/\/noticiasdestaque.com.br\/index.php\/wp-json\/wp\/v2\/posts"}],"about":[{"href":"https:\/\/noticiasdestaque.com.br\/index.php\/wp-json\/wp\/v2\/types\/post"}],"author":[{"embeddable":true,"href":"https:\/\/noticiasdestaque.com.br\/index.php\/wp-json\/wp\/v2\/users\/1"}],"replies":[{"embeddable":true,"href":"https:\/\/noticiasdestaque.com.br\/index.php\/wp-json\/wp\/v2\/comments?post=16027"}],"version-history":[{"count":0,"href":"https:\/\/noticiasdestaque.com.br\/index.php\/wp-json\/wp\/v2\/posts\/16027\/revisions"}],"wp:featuredmedia":[{"embeddable":true,"href":"https:\/\/noticiasdestaque.com.br\/index.php\/wp-json\/wp\/v2\/media\/16028"}],"wp:attachment":[{"href":"https:\/\/noticiasdestaque.com.br\/index.php\/wp-json\/wp\/v2\/media?parent=16027"}],"wp:term":[{"taxonomy":"category","embeddable":true,"href":"https:\/\/noticiasdestaque.com.br\/index.php\/wp-json\/wp\/v2\/categories?post=16027"},{"taxonomy":"post_tag","embeddable":true,"href":"https:\/\/noticiasdestaque.com.br\/index.php\/wp-json\/wp\/v2\/tags?post=16027"}],"curies":[{"name":"wp","href":"https:\/\/api.w.org\/{rel}","templated":true}]}}