{"id":16021,"date":"2024-08-16T03:00:00","date_gmt":"2024-08-16T06:00:00","guid":{"rendered":"https:\/\/noticiasdestaque.com.br\/index.php\/2024\/08\/16\/municipios-comemoram-aprovacao-de-pec-que-alivia-dividas-previdenciarias\/"},"modified":"2024-08-16T03:00:00","modified_gmt":"2024-08-16T06:00:00","slug":"municipios-comemoram-aprovacao-de-pec-que-alivia-dividas-previdenciarias","status":"publish","type":"post","link":"https:\/\/noticiasdestaque.com.br\/index.php\/2024\/08\/16\/municipios-comemoram-aprovacao-de-pec-que-alivia-dividas-previdenciarias\/","title":{"rendered":"Munic\u00edpios comemoram aprova\u00e7\u00e3o de PEC que alivia d\u00edvidas previdenci\u00e1rias"},"content":{"rendered":"<p>\t\t\t\t\t\t\t\t\t\t<audio controls class=\"b61_audio_player\" data-noticia=\"74264\" src=\"https:\/\/brasil61.com\/rails\/active_storage\/blobs\/eyJfcmFpbHMiOnsibWVzc2FnZSI6IkJBaHBBNG53QWc9PSIsImV4cCI6bnVsbCwicHVyIjoiYmxvYl9pZCJ9fQ==--d76907a398bddf5fd1f750d059bd922aa155fb67\/BRAS2412412B\"><\/audio><\/p>\n<p>Uma conquista importante que vinha sendo pleiteada pelas entidades que representam os munic\u00edpios brasileiros\u00a0foi alcan\u00e7ada esta semana. O Senado aprovou nesta quarta (14) a <a href=\"https:\/\/www25.senado.leg.br\/web\/atividade\/materias\/-\/materia\/161307\">PEC 66\/2023,\u00a0<\/a>que abre novo prazo para que os munic\u00edpios parcelem suas d\u00edvidas com a Previd\u00eancia Social e define limites para o pagamento dos precat\u00f3rios.\u00a0<\/p>\n<p>Na p\u00e1gina da Confedera\u00e7\u00e3o Nacional dos Munic\u00edpios (CNM) \u2014 autora da proposta \u2014 a aprova\u00e7\u00e3o \u00e9 vista como um avan\u00e7o. O texto, segundo a CNM, contempla quatro pontos pleiteados.<\/p>\n<ul>\n<li>Parcelamento especial das d\u00edvidas dos munic\u00edpios junto ao Regime Geral e aos respectivos Regimes Pr\u00f3prios da Previd\u00eancia Social (RPPS);\u00a0<\/li>\n<li>Novo modelo de quita\u00e7\u00e3o de precat\u00f3rios pelos munic\u00edpios;\u00a0<\/li>\n<li>Equipara\u00e7\u00e3o das regras de benef\u00edcios dos RPPS municipais \u00e0s da Uni\u00e3o (Reforma previdenci\u00e1ria);\u00a0<\/li>\n<li>Desvincula\u00e7\u00e3o de receitas.\u00a0<\/li>\n<\/ul>\n<p>Batizada de \u201cPEC da Sustentabilidade Fiscal\u201d, o texto traz um pacote de medidas capaz de aliviar a press\u00e3o nas finan\u00e7as p\u00fablicas de forma sustent\u00e1vel. Com a aprova\u00e7\u00e3o, a expectativa \u00e9 de que os munic\u00edpios possam honrar pagamentos, uma vez que as condi\u00e7\u00f5es estar\u00e3o facilitadas, avalia a CNM. O presidente da CNM, Paulo Ziulkoski, se manifestou.<\/p>\n<p>\u201cLutamos muito por essa pauta e conseguimos muitas vit\u00f3rias. O balan\u00e7o \u00e9 muito positivo. A estimativa \u00e9 de mais de R$ 400 bilh\u00f5es para os munic\u00edpios.\u201d<\/p>\n<h2>Mais prazo para os munic\u00edpios<\/h2>\n<p>No texto aprovado pelos senadores, est\u00e1 previsto que os d\u00e9bitos previdenci\u00e1rios dos munic\u00edpios poder\u00e3o ser pagos em at\u00e9 300 parcelas mensais \u2014 o que vale tanto para o Regime Geral de Previd\u00eancia Social quanto para regimes pr\u00f3prios.\u00a0<\/p>\n<p>A taxa de juros aplicada ao financiamento ser\u00e1 a Selic e o valor das parcelas n\u00e3o poder\u00e1 ultrapassar o equivalente a 1% da m\u00e9dia mensal da receita corrente l\u00edquida do munic\u00edpio. S\u00f3 ter\u00e1 direito ao parcelamento o munic\u00edpio que comprovar a adequa\u00e7\u00e3o \u00e0s altera\u00e7\u00f5es j\u00e1 realizadas na previd\u00eancia dos servidores da Uni\u00e3o.<\/p>\n<p>Ainda segundo a PEC, se o munic\u00edpio deixar de pagar tr\u00eas parcelas consecutivas ou seis parcelas alternadas\u00a0perder\u00e1 o direito ao parcelamento.\u00a0O presidente da Uni\u00e3o dos Munic\u00edpios da Bahia (UPB), prefeito Quinho de Belo Campo, celebrou a aprova\u00e7\u00e3o da mat\u00e9ria.<\/p>\n<p>\u201cSem d\u00favida nenhuma vai beneficiar os gestores que est\u00e3o concluindo seus mandatos. O indexador de 1% [da receita corrente l\u00edquida] foi uma luta nossa aqui na Bahia e espero que a C\u00e2mara dos deputados tenha celeridade para que a PEC seja promulgada e nos tenhamos os benef\u00edcios dessa PEC t\u00e3o importante.\u201d\u00a0<\/p>\n<p>Mas o assessor de or\u00e7amento C\u00e9sar Lima faz uma pondera\u00e7\u00e3o. Segundo Lima, sempre que se criava uma nova facilidade no que tange \u00e0 quest\u00e3o previdenci\u00e1ria, n\u00e3o se passava muito tempo at\u00e9 que os munic\u00edpios estivessem endividados novamente.\u00a0<\/p>\n<p>\u201cVamos torcer para que dessa vez d\u00ea certo e para que os munic\u00edpios, com esse novo escalonamento, com novas possibilidades de pagamento, possam realmente ajustar suas contas.\u201d<\/p>\n<h2>Precat\u00f3rios<\/h2>\n<p>No texto aprovado tamb\u00e9m s\u00e3o previstos limites para o pagamento de precat\u00f3rios \u2014 \u00a0ordens de pagamento emitidas pela Justi\u00e7a contra entes p\u00fablicos \u2014 que devem ser fixados conforme a propor\u00e7\u00e3o do estoque de precat\u00f3rios em rela\u00e7\u00e3o \u00e0 receita corrente l\u00edquida de cada munic\u00edpio.\u00a0<\/p>\n<p>Para o novo modelo de quita\u00e7\u00e3o de precat\u00f3rios pelos munic\u00edpios, o texto define o seguinte escalonamento e limite para pagamento:<\/p>\n<ul>\n<li>Munic\u00edpios com estoque abaixo de 2% da Receita Corrente L\u00edquida (RCL) ter\u00e3o um limite de 1% da receita para o pagamento de precat\u00f3rios;\u00a0<\/li>\n<li>Munic\u00edpios com estoque de 2% a 20% da RCL poder\u00e3o usar at\u00e9 2% com precat\u00f3rios;\u00a0<\/li>\n<li>Munic\u00edpios com estoque de 21% a 24% da RCL ter\u00e3o um limite de 4% da RCL para pagamento; e<\/li>\n<li>Munic\u00edpios com estoque de 25% a 30% poder\u00e3o gastar, no m\u00e1ximo, 5% da receita com precat\u00f3rios.<\/li>\n<\/ul>\n<p>O texto agora segue para aprecia\u00e7\u00e3o na C\u00e2mara dos Deputados.\u00a0<br \/>\n\u00a0<\/p>\n<p>\t\t\t\t\t\t\t\t\t<img loading=\"lazy\" decoding=\"async\" src=\"https:\/\/brasil61.com\/api\/v1\/serve_pixel\/17677\/74264\" alt=\"Pixel Brasil 61\" class=\"b61_pixel\" width=\"0\" height=\"0\"><\/p>\n<input type=\"hidden\" id=\"baseurl\" value=\"https:\/\/noticiasdestaque.com.br\"><input type=\"hidden\" id=\"audio_nonce\" value=\"6a24ca502e\">","protected":false},"excerpt":{"rendered":"<p>PEC 66\/2023 \u2014 que vai \u00e0 C\u00e2mara \u2014 prev\u00ea que os d\u00e9bitos previdenci\u00e1rios dos munic\u00edpios poder\u00e3o ser pagos em at\u00e9 300 parcelas mensais <\/p>\n","protected":false},"author":1,"featured_media":16022,"comment_status":"open","ping_status":"open","sticky":false,"template":"","format":"standard","meta":{"fifu_image_url":"","fifu_image_alt":"","footnotes":""},"categories":[59],"tags":[],"class_list":["post-16021","post","type-post","status-publish","format-standard","has-post-thumbnail","hentry","category-economia"],"distributor_meta":false,"distributor_terms":false,"distributor_media":false,"distributor_original_site_name":"Noticias em Destaque","distributor_original_site_url":"https:\/\/noticiasdestaque.com.br","push-errors":false,"_links":{"self":[{"href":"https:\/\/noticiasdestaque.com.br\/index.php\/wp-json\/wp\/v2\/posts\/16021","targetHints":{"allow":["GET"]}}],"collection":[{"href":"https:\/\/noticiasdestaque.com.br\/index.php\/wp-json\/wp\/v2\/posts"}],"about":[{"href":"https:\/\/noticiasdestaque.com.br\/index.php\/wp-json\/wp\/v2\/types\/post"}],"author":[{"embeddable":true,"href":"https:\/\/noticiasdestaque.com.br\/index.php\/wp-json\/wp\/v2\/users\/1"}],"replies":[{"embeddable":true,"href":"https:\/\/noticiasdestaque.com.br\/index.php\/wp-json\/wp\/v2\/comments?post=16021"}],"version-history":[{"count":0,"href":"https:\/\/noticiasdestaque.com.br\/index.php\/wp-json\/wp\/v2\/posts\/16021\/revisions"}],"wp:featuredmedia":[{"embeddable":true,"href":"https:\/\/noticiasdestaque.com.br\/index.php\/wp-json\/wp\/v2\/media\/16022"}],"wp:attachment":[{"href":"https:\/\/noticiasdestaque.com.br\/index.php\/wp-json\/wp\/v2\/media?parent=16021"}],"wp:term":[{"taxonomy":"category","embeddable":true,"href":"https:\/\/noticiasdestaque.com.br\/index.php\/wp-json\/wp\/v2\/categories?post=16021"},{"taxonomy":"post_tag","embeddable":true,"href":"https:\/\/noticiasdestaque.com.br\/index.php\/wp-json\/wp\/v2\/tags?post=16021"}],"curies":[{"name":"wp","href":"https:\/\/api.w.org\/{rel}","templated":true}]}}