{"id":15953,"date":"2024-08-19T11:30:00","date_gmt":"2024-08-19T11:30:00","guid":{"rendered":"https:\/\/noticiasdestaque.com.br\/index.php\/2024\/08\/19\/violencia-matou-mais-de-mil-jovens-no-brasil-nos-ultimos-anos\/"},"modified":"2024-08-19T11:30:00","modified_gmt":"2024-08-19T11:30:00","slug":"violencia-matou-mais-de-mil-jovens-no-brasil-nos-ultimos-anos","status":"publish","type":"post","link":"https:\/\/noticiasdestaque.com.br\/index.php\/2024\/08\/19\/violencia-matou-mais-de-mil-jovens-no-brasil-nos-ultimos-anos\/","title":{"rendered":"Viol\u00eancia matou mais de 15 mil jovens no Brasil nos \u00faltimos 3 anos"},"content":{"rendered":"<style> bloco.meta {font-style: italic; color: #666;font-weight: 600;font-size: .8em; \/* line-height: .3em; *\/}  text h2 { font-weight: 700 !important;  color: #062f46 !important;} text img { width: none; left: none;}<\/style>\n<\/p>\n<p>Nos \u00faltimos tr\u00eas anos, mais de 15 mil crian\u00e7as e adolescentes at\u00e9 19 anos foram mortos no Brasil de forma violenta. Nesse per\u00edodo, cresceu a propor\u00e7\u00e3o de mortes causadas por interven\u00e7\u00e3o policial. As constata\u00e7\u00f5es fazem parte da segunda edi\u00e7\u00e3o do relat\u00f3rio <em>Panorama da Viol\u00eancia Letal e Sexual contra Crian\u00e7as e Adolescentes no Brasil<\/em>, divulgado nesta ter\u00e7a-feira (13) pelo Fundo das Na\u00e7\u00f5es Unidas para a Inf\u00e2ncia (Unicef) e pelo F\u00f3rum Brasileiro de Seguran\u00e7a P\u00fablica (FBSP).<aimg src=\"https:\/\/aagenciabrasil.ebc.com.br\/ebc.apng?id=1607667 o=node\" style=\"width:1px; height:1px; display:inline;\"><\/aimg><aimg src=\"https:\/\/aagenciabrasil.ebc.com.br\/ebc.agif?id=1607667 o=node\" style=\"width:1px; height:1px; display:inline;\"><\/aimg><\/p>\n<p>Foram registradas 4.803 mortes violentas intencionais de crian\u00e7as e adolescentes em 2021, 5.354 em 2022 e 4.944 em 2023.<\/p>\n<blockquote>\n<p>&#8220;\u00c9 um cen\u00e1rio estarrecedor. \u00c9 realmente um absurdo que a gente perca 15 mil vidas de crian\u00e7as e adolescentes em tr\u00eas anos&#8221;, define a oficial de Prote\u00e7\u00e3o contra Viol\u00eancias do Unicef, Ana Carolina Fonseca.<\/p>\n<\/blockquote>\n<p>No entanto, o total real de mortes no pa\u00eds tende a ser maior, uma vez que o estado da Bahia n\u00e3o forneceu dados relativos a 2021.<\/p>\n<p>O levantamento traz dados de registros criminais como homic\u00eddio doloso (quando h\u00e1 inten\u00e7\u00e3o de matar), feminic\u00eddio, latroc\u00ednio (roubo seguido de morte), les\u00e3o corporal seguida de morte e mortes decorrente de interven\u00e7\u00e3o policial &#8211; esteja ou n\u00e3o o agente em servi\u00e7o. Tamb\u00e9m s\u00e3o coletadas informa\u00e7\u00f5es referentes \u00e0<a href=\"https:\/\/agenciabrasil.ebc.com.br\/direitos-humanos\/noticia\/2024-08\/em-3-anos-pais-teve-quase-150-mil-estupros-de-criancas-e-adolescentes\" target=\"_blank\"> viol\u00eancia sexual<\/a>.<\/p>\n<p>Para os pesquisadores, esse conjunto de dados \u00e9 um indicador mais completo para tratar de viol\u00eancia letal a partir dos par\u00e2metros da seguran\u00e7a p\u00fablica. O FBSP \u00e9 uma organiza\u00e7\u00e3o n\u00e3o governamental formada por profissionais da \u00e1rea de seguran\u00e7a, acad\u00eamicos e representantes da sociedade civil.<\/p>\n<p>Ana Carolina Fonseca explicou \u00e0 <strong>Ag\u00eancia Brasil<\/strong> que, apesar de o estudo estar na segunda edi\u00e7\u00e3o \u2013 a primeira inclui dados de 2016 a 2020 \u2013, n\u00e3o h\u00e1 compara\u00e7\u00e3o direta entre eles. &#8220;A gente n\u00e3o fez essa compara\u00e7\u00e3o por haver muitas diferen\u00e7as na forma como os dados s\u00e3o disponibilizados pelos estados&#8221;, justifica.<\/p>\n<p>Assim como outros tipos de viol\u00eancia que afetam a popula\u00e7\u00e3o brasileira independentemente de idade, a morte violenta de crian\u00e7as e adolescentes atinge principalmente a popula\u00e7\u00e3o negra, composta por pretos e pardos.<\/p>\n<p>Nos \u00faltimos tr\u00eas anos, 91,6% dos casos de mortes por viol\u00eancia letal de crian\u00e7as e adolescentes englobaram pessoas de 15 a 19 anos; 82,9% eram pretos e pardos; e 90%, homens.<\/p>\n<p> nd-widget-wrapper context-cheio_8colunas type-image&#8221;<\/p>\n<input type=\"hidden\" id=\"baseurl\" value=\"https:\/\/noticiasdestaque.com.br\"><input type=\"hidden\" id=\"audio_nonce\" value=\"6a24ca502e\">","protected":false},"excerpt":{"rendered":"<p>Maioria das v\u00edtimas era negra, homem e tinha de 15 a 19 anos<\/p>\n","protected":false},"author":1,"featured_media":15955,"comment_status":"open","ping_status":"open","sticky":false,"template":"","format":"standard","meta":{"fifu_image_url":"","fifu_image_alt":"","footnotes":""},"categories":[1],"tags":[106],"class_list":["post-15953","post","type-post","status-publish","format-standard","has-post-thumbnail","hentry","category-uncategorized","tag-brunna-pareja"],"distributor_meta":false,"distributor_terms":false,"distributor_media":false,"distributor_original_site_name":"Noticias em Destaque","distributor_original_site_url":"https:\/\/noticiasdestaque.com.br","push-errors":false,"_links":{"self":[{"href":"https:\/\/noticiasdestaque.com.br\/index.php\/wp-json\/wp\/v2\/posts\/15953","targetHints":{"allow":["GET"]}}],"collection":[{"href":"https:\/\/noticiasdestaque.com.br\/index.php\/wp-json\/wp\/v2\/posts"}],"about":[{"href":"https:\/\/noticiasdestaque.com.br\/index.php\/wp-json\/wp\/v2\/types\/post"}],"author":[{"embeddable":true,"href":"https:\/\/noticiasdestaque.com.br\/index.php\/wp-json\/wp\/v2\/users\/1"}],"replies":[{"embeddable":true,"href":"https:\/\/noticiasdestaque.com.br\/index.php\/wp-json\/wp\/v2\/comments?post=15953"}],"version-history":[{"count":1,"href":"https:\/\/noticiasdestaque.com.br\/index.php\/wp-json\/wp\/v2\/posts\/15953\/revisions"}],"predecessor-version":[{"id":15954,"href":"https:\/\/noticiasdestaque.com.br\/index.php\/wp-json\/wp\/v2\/posts\/15953\/revisions\/15954"}],"wp:featuredmedia":[{"embeddable":true,"href":"https:\/\/noticiasdestaque.com.br\/index.php\/wp-json\/wp\/v2\/media\/15955"}],"wp:attachment":[{"href":"https:\/\/noticiasdestaque.com.br\/index.php\/wp-json\/wp\/v2\/media?parent=15953"}],"wp:term":[{"taxonomy":"category","embeddable":true,"href":"https:\/\/noticiasdestaque.com.br\/index.php\/wp-json\/wp\/v2\/categories?post=15953"},{"taxonomy":"post_tag","embeddable":true,"href":"https:\/\/noticiasdestaque.com.br\/index.php\/wp-json\/wp\/v2\/tags?post=15953"}],"curies":[{"name":"wp","href":"https:\/\/api.w.org\/{rel}","templated":true}]}}