{"id":15942,"date":"2024-08-19T15:30:00","date_gmt":"2024-08-19T15:30:00","guid":{"rendered":"https:\/\/noticiasdestaque.com.br\/index.php\/2024\/08\/19\/cadernos-de-prova-do-cnu-ja-estao-disponiveis-veja-como-acessar\/"},"modified":"2024-08-19T15:30:00","modified_gmt":"2024-08-19T15:30:00","slug":"cadernos-de-prova-do-cnu-ja-estao-disponiveis-veja-como-acessar","status":"publish","type":"post","link":"https:\/\/noticiasdestaque.com.br\/index.php\/2024\/08\/19\/cadernos-de-prova-do-cnu-ja-estao-disponiveis-veja-como-acessar\/","title":{"rendered":"Cadernos de prova do CNU j\u00e1 est\u00e3o dispon\u00edveis; veja como acessar"},"content":{"rendered":"<style> bloco.meta {font-style: italic; color: #666;font-weight: 600;font-size: .8em; \/* line-height: .3em; *\/}  text h2 { font-weight: 700 !important;  color: #062f46 !important;} text img { width: none; left: none;}<\/style>\n<\/p>\n<p>O Minist\u00e9rio da Gest\u00e3o e Inova\u00e7\u00e3o nos Servi\u00e7os P\u00fablicos (MGI) divulgou na noite deste domingo (8) os cadernos de quest\u00f5es do Concurso P\u00fablico Nacional Unificado (CPNU), conforme previsto pelo cronograma oficial.<aimg src=\"https:\/\/aagenciabrasil.ebc.com.br\/ebc.apng?id=1608391 o=node\" style=\"width:1px; height:1px; display:inline;\"><\/aimg><aimg src=\"https:\/\/aagenciabrasil.ebc.com.br\/ebc.agif?id=1608391 o=node\" style=\"width:1px; height:1px; display:inline;\"><\/aimg><\/p>\n<p>O link para baixar os cadernos <a href=\"https:\/\/www.gov.br\/gestao\/pt-br\/concursonacional\/caderno-de-provas\" target=\"_blank\">est\u00e1 no site do CPNU<\/a>. O participante tamb\u00e9m pode encontrar as provas na <a href=\"https:\/\/cpnu.cesgranrio.org.br\/provas-gabaritos\" target=\"_blank\">p\u00e1gina da Cesgranrio<\/a> dedicada ao CNU, por meio de login no Gov.br. Est\u00e3o dispon\u00edveis as quest\u00f5es dos oito blocos de conhecimento.<\/p>\n<p>Apelidado de Enem dos Concursos devido \u00e0 sua dimens\u00e3o, com 2,1 milh\u00f5es de inscritos, a prova para quem concorreu \u00e0s vagas de ensino m\u00e9dio, no bloco 8, trouxe como tema da reda\u00e7\u00e3o como a educa\u00e7\u00e3o e o progresso cient\u00edfico e tecnol\u00f3gico podem ajudar a reduzir as desigualdades.<\/p>\n<p>J\u00e1 nos sete blocos de n\u00edvel superior, as provas dissertativas tiveram quest\u00f5es espec\u00edficas para cada \u00e1rea, com temas que variavam desde censo escolar a mudan\u00e7as clim\u00e1ticas e direitos humanos no contexto ind\u00edgena e situa\u00e7\u00e3o do sistema prisional, entre outros.<\/p>\n<p>Mais cedo, o MGI refor\u00e7ou que quem saiu da sala de aplica\u00e7\u00e3o das provas com o caderno de quest\u00f5es, o que era proibido, <a href=\"https:\/\/agenciabrasil.ebc.com.br\/geral\/noticia\/2024-08\/candidatos-que-levaram-caderno-de-questoes-do-cnu-serao-eliminados\" target=\"_blank\">ser\u00e1 identificado e eliminado do CNU<\/a>, conforme previsto em edital. Segundo a ministra da pasta, Esther Dweck, h\u00e1 poucas pessoas nessa situa\u00e7\u00e3o.  <\/p>\n<h2>Datas<\/h2>\n<p>O CNU ter\u00e1 o gabarito preliminar oficial da prova objetiva divulgado na ter\u00e7a-feira (20). Os participantes poder\u00e3o conferir as respostas corretas na p\u00e1gina oficial do certame.<\/p>\n<p>Depois da divulga\u00e7\u00e3o, os candidatos ter\u00e3o os dias 20 e 21 de agosto para recorrer, caso n\u00e3o concorde com a resolu\u00e7\u00e3o de alguma quest\u00e3o. Pelo cronograma oficial, a imagem do cart\u00e3o-resposta estar\u00e1 dispon\u00edvel em 10 de setembro, e as notas finais das provas objetivas, ap\u00f3s avaliados todos os recursos, ser\u00e3o divulgadas em 8 de outubro.<\/p>\n<p>No pr\u00f3prio 8 de outubro deve ser divulgada tamb\u00e9m a nota preliminar da prova discursiva. Eventuais pedidos de revis\u00e3o das quest\u00f5es abertas poder\u00e3o ser solicitados em 8 e 9 de outubro, com a divulga\u00e7\u00e3o da nota final das discursivas previstas para 17 de outubro. As notas finais devem sair em 21 de novembro.<\/p>\n<p> nd-widget-wrapper context-sem_processamento type-image&#8221;<\/p>\n<input type=\"hidden\" id=\"baseurl\" value=\"https:\/\/noticiasdestaque.com.br\"><input type=\"hidden\" id=\"audio_nonce\" value=\"6f73a554f1\">","protected":false},"excerpt":{"rendered":"<p>Gabarito preliminar ser\u00e1 divulgado nesta ter\u00e7a-feira<\/p>\n","protected":false},"author":1,"featured_media":15944,"comment_status":"open","ping_status":"open","sticky":false,"template":"","format":"standard","meta":{"fifu_image_url":"","fifu_image_alt":"","footnotes":""},"categories":[1],"tags":[106],"class_list":["post-15942","post","type-post","status-publish","format-standard","has-post-thumbnail","hentry","category-uncategorized","tag-brunna-pareja"],"distributor_meta":false,"distributor_terms":false,"distributor_media":false,"distributor_original_site_name":"Noticias em Destaque","distributor_original_site_url":"https:\/\/noticiasdestaque.com.br","push-errors":false,"_links":{"self":[{"href":"https:\/\/noticiasdestaque.com.br\/index.php\/wp-json\/wp\/v2\/posts\/15942","targetHints":{"allow":["GET"]}}],"collection":[{"href":"https:\/\/noticiasdestaque.com.br\/index.php\/wp-json\/wp\/v2\/posts"}],"about":[{"href":"https:\/\/noticiasdestaque.com.br\/index.php\/wp-json\/wp\/v2\/types\/post"}],"author":[{"embeddable":true,"href":"https:\/\/noticiasdestaque.com.br\/index.php\/wp-json\/wp\/v2\/users\/1"}],"replies":[{"embeddable":true,"href":"https:\/\/noticiasdestaque.com.br\/index.php\/wp-json\/wp\/v2\/comments?post=15942"}],"version-history":[{"count":1,"href":"https:\/\/noticiasdestaque.com.br\/index.php\/wp-json\/wp\/v2\/posts\/15942\/revisions"}],"predecessor-version":[{"id":15943,"href":"https:\/\/noticiasdestaque.com.br\/index.php\/wp-json\/wp\/v2\/posts\/15942\/revisions\/15943"}],"wp:featuredmedia":[{"embeddable":true,"href":"https:\/\/noticiasdestaque.com.br\/index.php\/wp-json\/wp\/v2\/media\/15944"}],"wp:attachment":[{"href":"https:\/\/noticiasdestaque.com.br\/index.php\/wp-json\/wp\/v2\/media?parent=15942"}],"wp:term":[{"taxonomy":"category","embeddable":true,"href":"https:\/\/noticiasdestaque.com.br\/index.php\/wp-json\/wp\/v2\/categories?post=15942"},{"taxonomy":"post_tag","embeddable":true,"href":"https:\/\/noticiasdestaque.com.br\/index.php\/wp-json\/wp\/v2\/tags?post=15942"}],"curies":[{"name":"wp","href":"https:\/\/api.w.org\/{rel}","templated":true}]}}