{"id":15936,"date":"2024-08-19T12:30:00","date_gmt":"2024-08-19T12:30:00","guid":{"rendered":"https:\/\/noticiasdestaque.com.br\/index.php\/2024\/08\/19\/projeto-que-permite-irrigacao-em-area-de-protecao-recebe-criticas\/"},"modified":"2024-08-19T12:30:00","modified_gmt":"2024-08-19T12:30:00","slug":"projeto-que-permite-irrigacao-em-area-de-protecao-recebe-criticas","status":"publish","type":"post","link":"https:\/\/noticiasdestaque.com.br\/index.php\/2024\/08\/19\/projeto-que-permite-irrigacao-em-area-de-protecao-recebe-criticas\/","title":{"rendered":"Projeto que permite irriga\u00e7\u00e3o em \u00e1rea de prote\u00e7\u00e3o recebe cr\u00edticas"},"content":{"rendered":"<style> bloco.meta {font-style: italic; color: #666;font-weight: 600;font-size: .8em; \/* line-height: .3em; *\/}  text h2 { font-weight: 700 !important;  color: #062f46 !important;} text img { width: none; left: none;}<\/style>\n<\/p>\n<p>Organiza\u00e7\u00f5es ligadas ao meio ambiente criticaram a aprova\u00e7\u00e3o, na Comiss\u00e3o de Constitui\u00e7\u00e3o e Justi\u00e7a (CCJ) da C\u00e2mara dos Deputados nesta semana, do <a href=\"https:\/\/www.camara.leg.br\/presenca-comissoes\/votacao-portal?reuniao=74047 amp;itemVotacao=63810\">Projeto de Lei 2.168\/21<\/a>, que permite a derrubada de vegeta\u00e7\u00e3o nativa em \u00e1reas de preserva\u00e7\u00e3o permanente (APPs) para obras de infraestrutura de irriga\u00e7\u00e3o e de bebedouros para animais, modificando o C\u00f3digo Florestal Brasileiro.<aimg src=\"https:\/\/aagenciabrasil.ebc.com.br\/ebc.apng?id=1608292 o=node\" style=\"width:1px; height:1px; display:inline;\"><\/aimg><aimg src=\"https:\/\/aagenciabrasil.ebc.com.br\/ebc.agif?id=1608292 o=node\" style=\"width:1px; height:1px; display:inline;\"><\/aimg><\/p>\n<p>Aprovado na CCJ por 37 votos contra 13, o texto j\u00e1 passou pelas comiss\u00f5es de Meio Ambiente e de Agricultura. Agora, deve seguir para o plen\u00e1rio da C\u00e2mara.<\/p>\n<p>\u201cA medida simboliza um retrocesso significativo na prote\u00e7\u00e3o ambiental no Brasil ao facilitar o desmatamento em APPs e, assim, colocar sob amea\u00e7a \u00e0 seguran\u00e7a h\u00eddrica, alimentar e a biodiversidade do pa\u00eds. Al\u00e9m disso, aumenta a vulnerabilidade do pa\u00eds a eventos clim\u00e1ticos extremos, cada ano mais comuns\u201d, afirmou, em nota, o Observat\u00f3rio do C\u00f3digo Florestal, que re\u00fane 45 entidades ligadas \u00e0 quest\u00e3o ambiental.<\/p>\n<p>A nota p\u00fablica afirma que o projeto prioriza interesses econ\u00f4micos privados em detrimento do interesse p\u00fablico \u201cde um bem comum vital &#8211; a \u00e1gua\u201d. Para o Observat\u00f3rio, as APPs garantem a qualidade e a quantidade das \u00e1guas que abastecem cidades e comunidades rurais, al\u00e9m da pr\u00f3pria sustentabilidade da produ\u00e7\u00e3o agropecu\u00e1ria e de reduzir os efeitos dos eventos clim\u00e1ticos extremos.<\/p>\n<p>\u201cTais evid\u00eancias s\u00e3o exaustivamente comprovadas pelos estudos cient\u00edficos e an\u00e1lises t\u00e9cnicas da sociedade civil organizada\u201d, acrescenta a nota.<\/p>\n<p>A manifesta\u00e7\u00e3o dos ambientalistas argumenta que a aprova\u00e7\u00e3o do projeto ignora o desastre clim\u00e1tico no Rio Grande do Sul (RS) &#8211; \u201cque inclusive contou com aprova\u00e7\u00e3o de uma lei estadual similar \u00e0 aprovada pela C\u00e2mara dos Deputados\u201d &#8211; e a crise h\u00eddrica na regi\u00e3o amaz\u00f4nica, \u201conde a redu\u00e7\u00e3o do fluxo de \u00e1gua devido ao assoreamento dos rios tem comprometido o abastecimento de \u00e1gua para as popula\u00e7\u00f5es\u201d.<\/p>\n<h2>Agroneg\u00f3cio<\/h2>\n<p>A relatora do projeto na CCJ da C\u00e2mara, deputada Coronel Fernanda (PL), explicou na sess\u00e3o que a medida \u00e9 importante para o agroneg\u00f3cio, reduzindo a burocracia e facilitando a irriga\u00e7\u00e3o na produ\u00e7\u00e3o de gr\u00e3os e na hidrata\u00e7\u00e3o dos animais.<\/p>\n<p>\u201cA irriga\u00e7\u00e3o \u00e9 necess\u00e1ria para que o campo continue produzindo. Estamos vivendo momentos de altera\u00e7\u00e3o de esta\u00e7\u00f5es e, em algumas regi\u00f5es, ocorre a falta de chuva. Com esse projeto, vamos dar ao homem do campo, principalmente ao pequeno produtor, a possibilidade de guardar a \u00e1gua da chuva\u201d, destacou a parlamentar.<\/p>\n<p>Coronel Fernando acrescentou, em seu relat\u00f3rio, que o projeto expressa que as obras de infraestrutura em \u00e1reas de prote\u00e7\u00e3o devem respeitar os regulamentos sobre recursos h\u00eddricos. O projeto cita ainda que a mudan\u00e7a legislativa \u00e9 importante para \u201cgarantir a seguran\u00e7a alimentar e seguran\u00e7a h\u00eddrica do Brasil\u201d.<\/p>\n<p class=\"alt-font font-italic my-2 small text-info\">\n                                                Edi\u00e7\u00e3o:   Sabrina Craide                    <\/p>\n<p>            <!-- blog End --><\/p>\n<p>            <!-- tag and share --><\/p>\n<p> Fonte: EBC <\/p>\n<input type=\"hidden\" id=\"baseurl\" value=\"https:\/\/noticiasdestaque.com.br\"><input type=\"hidden\" id=\"audio_nonce\" value=\"6a24ca502e\">","protected":false},"excerpt":{"rendered":"<p>Proposta foi aprovada na CCJ da C\u00e2mara e segue agora para o plen\u00e1rio<\/p>\n","protected":false},"author":1,"featured_media":15938,"comment_status":"open","ping_status":"open","sticky":false,"template":"","format":"standard","meta":{"fifu_image_url":"","fifu_image_alt":"","footnotes":""},"categories":[1],"tags":[106],"class_list":["post-15936","post","type-post","status-publish","format-standard","has-post-thumbnail","hentry","category-uncategorized","tag-brunna-pareja"],"distributor_meta":false,"distributor_terms":false,"distributor_media":false,"distributor_original_site_name":"Noticias em Destaque","distributor_original_site_url":"https:\/\/noticiasdestaque.com.br","push-errors":false,"_links":{"self":[{"href":"https:\/\/noticiasdestaque.com.br\/index.php\/wp-json\/wp\/v2\/posts\/15936","targetHints":{"allow":["GET"]}}],"collection":[{"href":"https:\/\/noticiasdestaque.com.br\/index.php\/wp-json\/wp\/v2\/posts"}],"about":[{"href":"https:\/\/noticiasdestaque.com.br\/index.php\/wp-json\/wp\/v2\/types\/post"}],"author":[{"embeddable":true,"href":"https:\/\/noticiasdestaque.com.br\/index.php\/wp-json\/wp\/v2\/users\/1"}],"replies":[{"embeddable":true,"href":"https:\/\/noticiasdestaque.com.br\/index.php\/wp-json\/wp\/v2\/comments?post=15936"}],"version-history":[{"count":1,"href":"https:\/\/noticiasdestaque.com.br\/index.php\/wp-json\/wp\/v2\/posts\/15936\/revisions"}],"predecessor-version":[{"id":15937,"href":"https:\/\/noticiasdestaque.com.br\/index.php\/wp-json\/wp\/v2\/posts\/15936\/revisions\/15937"}],"wp:featuredmedia":[{"embeddable":true,"href":"https:\/\/noticiasdestaque.com.br\/index.php\/wp-json\/wp\/v2\/media\/15938"}],"wp:attachment":[{"href":"https:\/\/noticiasdestaque.com.br\/index.php\/wp-json\/wp\/v2\/media?parent=15936"}],"wp:term":[{"taxonomy":"category","embeddable":true,"href":"https:\/\/noticiasdestaque.com.br\/index.php\/wp-json\/wp\/v2\/categories?post=15936"},{"taxonomy":"post_tag","embeddable":true,"href":"https:\/\/noticiasdestaque.com.br\/index.php\/wp-json\/wp\/v2\/tags?post=15936"}],"curies":[{"name":"wp","href":"https:\/\/api.w.org\/{rel}","templated":true}]}}