{"id":15930,"date":"2024-08-16T18:00:00","date_gmt":"2024-08-16T21:00:00","guid":{"rendered":"https:\/\/noticiasdestaque.com.br\/index.php\/2024\/08\/16\/previsao-do-tempo-sabado-17-com-alerta-para-baixa-umidade-e-onda-de-calor-no-sudeste\/"},"modified":"2024-08-16T18:00:00","modified_gmt":"2024-08-16T21:00:00","slug":"previsao-do-tempo-sabado-17-com-alerta-para-baixa-umidade-e-onda-de-calor-no-sudeste","status":"publish","type":"post","link":"https:\/\/noticiasdestaque.com.br\/index.php\/2024\/08\/16\/previsao-do-tempo-sabado-17-com-alerta-para-baixa-umidade-e-onda-de-calor-no-sudeste\/","title":{"rendered":"PREVIS\u00c3O DO TEMPO: s\u00e1bado (17) com alerta para baixa umidade e onda de calor no Sudeste"},"content":{"rendered":"<p>\t\t\t\t\t\t\t\t\t\t<audio controls class=\"b61_audio_player\" data-noticia=\"74289\" src=\"https:\/\/brasil61.com\/rails\/active_storage\/blobs\/eyJfcmFpbHMiOnsibWVzc2FnZSI6IkJBaHBBN2p3QWc9PSIsImV4cCI6bnVsbCwicHVyIjoiYmxvYl9pZCJ9fQ==--ad0a4fbf2814085d60e8a7db43a4d121aad66083\/PTSD243745A\"><\/audio><\/p>\n<p>O Instituto Nacional de Meteorologia (Inmet) alerta para perigo potencial de baixa umidade em Minas Gerais, S\u00e3o Paulo e Rio de Janeiro, atingindo cidades como Uberl\u00e2ndia (MG), Araraquara (SP) e Itaperuna (RJ).<\/p>\n<p>Tamb\u00e9m h\u00e1 alerta para onda de calor no Rio de Janeiro, S\u00e3o Paulo e Minas Gerais, em munic\u00edpios como Resende (RJ), Campinas (SP) e Cruz\u00edlia (MG).<\/p>\n<p><strong>Confira agora a previs\u00e3o do tempo no seu estado.\u00a0<\/strong><\/p>\n<p><strong>Esp\u00edrito Santo<\/strong><\/p>\n<p>A previs\u00e3o para este s\u00e1bado (17) \u00e9 de varia\u00e7\u00e3o de nuvens e sem chuvas em todo o Esp\u00edrito Santo, em cidades como Domingos Martins, Marata\u00edzes e Presidente Kennedy.<\/p>\n<p><strong>Minas Gerais\u00a0<\/strong><\/p>\n<p>A previs\u00e3o para este s\u00e1bado (17) \u00e9 de varia\u00e7\u00e3o de nuvens e sem chuvas em todo o estado de Minas Gerais, em cidades como S\u00e3o Louren\u00e7o, Tr\u00eas Marias e Pirapora.<\/p>\n<p><strong>Rio de Janeiro<\/strong><\/p>\n<p>A previs\u00e3o para \u00e9 de varia\u00e7\u00e3o de nuvens e sem chuvas em todo o estado do Rio de Janeiro, em munic\u00edpios como Paracambi, Cordeiro e Santo Ant\u00f4nio de P\u00e1dua.<\/p>\n<p><strong>S\u00e3o Paulo<\/strong><\/p>\n<p>S\u00e1bado (17) com varia\u00e7\u00e3o de nuvens e sem chuvas em todo o estado de S\u00e3o Paulo, atingindo munic\u00edpios como Caieiras, Amparo e Ribeir\u00e3o Preto.<\/p>\n<p><strong>Temperatura m\u00ednima e m\u00e1xima na regi\u00e3o<\/strong><\/p>\n<p>A temperatura m\u00ednima fica em torno de 11\u00b0C, em Ita\u00ed, em S\u00e3o Paulo, e a m\u00e1xima prevista \u00e9 de 35\u00baC, em Carneirinho, em Minas Gerais. A umidade relativa do ar varia entre 20% e 90%.<\/p>\n<p>As informa\u00e7\u00f5es s\u00e3o do Instituto Nacional de Meteorologia.<br \/>\n\u00a0<\/p>\n<p>\t\t\t\t\t\t\t\t\t<img loading=\"lazy\" decoding=\"async\" src=\"https:\/\/brasil61.com\/api\/v1\/serve_pixel\/17677\/74289\" alt=\"Pixel Brasil 61\" class=\"b61_pixel\" width=\"0\" height=\"0\"><\/p>\n<input type=\"hidden\" id=\"baseurl\" value=\"https:\/\/noticiasdestaque.com.br\"><input type=\"hidden\" id=\"audio_nonce\" value=\"6a24ca502e\">","protected":false},"excerpt":{"rendered":"<p>A temperatura pode variar entre 11\u00baC e 35\u00baC<\/p>\n","protected":false},"author":1,"featured_media":15931,"comment_status":"open","ping_status":"open","sticky":false,"template":"","format":"standard","meta":{"fifu_image_url":"","fifu_image_alt":"","footnotes":""},"categories":[58],"tags":[],"class_list":["post-15930","post","type-post","status-publish","format-standard","has-post-thumbnail","hentry","category-cotidiano"],"distributor_meta":false,"distributor_terms":false,"distributor_media":false,"distributor_original_site_name":"Noticias em Destaque","distributor_original_site_url":"https:\/\/noticiasdestaque.com.br","push-errors":false,"_links":{"self":[{"href":"https:\/\/noticiasdestaque.com.br\/index.php\/wp-json\/wp\/v2\/posts\/15930","targetHints":{"allow":["GET"]}}],"collection":[{"href":"https:\/\/noticiasdestaque.com.br\/index.php\/wp-json\/wp\/v2\/posts"}],"about":[{"href":"https:\/\/noticiasdestaque.com.br\/index.php\/wp-json\/wp\/v2\/types\/post"}],"author":[{"embeddable":true,"href":"https:\/\/noticiasdestaque.com.br\/index.php\/wp-json\/wp\/v2\/users\/1"}],"replies":[{"embeddable":true,"href":"https:\/\/noticiasdestaque.com.br\/index.php\/wp-json\/wp\/v2\/comments?post=15930"}],"version-history":[{"count":0,"href":"https:\/\/noticiasdestaque.com.br\/index.php\/wp-json\/wp\/v2\/posts\/15930\/revisions"}],"wp:featuredmedia":[{"embeddable":true,"href":"https:\/\/noticiasdestaque.com.br\/index.php\/wp-json\/wp\/v2\/media\/15931"}],"wp:attachment":[{"href":"https:\/\/noticiasdestaque.com.br\/index.php\/wp-json\/wp\/v2\/media?parent=15930"}],"wp:term":[{"taxonomy":"category","embeddable":true,"href":"https:\/\/noticiasdestaque.com.br\/index.php\/wp-json\/wp\/v2\/categories?post=15930"},{"taxonomy":"post_tag","embeddable":true,"href":"https:\/\/noticiasdestaque.com.br\/index.php\/wp-json\/wp\/v2\/tags?post=15930"}],"curies":[{"name":"wp","href":"https:\/\/api.w.org\/{rel}","templated":true}]}}